{"id":16674,"date":"2024-01-13T10:50:44","date_gmt":"2024-01-13T10:50:44","guid":{"rendered":"https:\/\/toscaneria.hu\/?p=16674"},"modified":"2025-04-21T12:27:34","modified_gmt":"2025-04-21T12:27:34","slug":"telekom-hello-biznisz-interjunk","status":"publish","type":"post","link":"https:\/\/toscaneria.hu\/en\/telekom-hello-biznisz-interjunk\/","title":{"rendered":"Telekom Hello Biznisz interj\u00fank"},"content":{"rendered":"\n<p><\/p>\n\n\n<p class=\"MsoNormal\" style=\"text-align: justify;\"><b>Hogyan lesz egy toszk\u00e1n \u00e1lomb\u00f3l magyar m\u00e1rka\u00e9p\u00edt\u00e9si sikert\u00f6rt\u00e9net?<\/b><\/p>\n<p class=\"MsoNormal\" style=\"text-align: justify;\">Ritka, hogy egy h\u00e1zasp\u00e1r nemcsak az \u00e9letben, de az \u00fczletben is t\u00f6k\u00e9letes t\u00e1rsai egym\u00e1snak. A Telekom Hello Biznisz oldal\u00e1n megjelent interj\u00fa a Toscaneria sz\u00fclet\u00e9s\u00e9nek \u00e1llom\u00e1sait mutatja be \u2013 az els\u0151 inspir\u00e1l\u00f3 toszk\u00e1n \u00fatt\u00f3l a Zwack Unicummal val\u00f3 egy\u00fcttm\u0171k\u00f6d\u00e9sig. Egy t\u00f6rt\u00e9net, amelyben \u00fczlet, szerelem, kreativit\u00e1s \u00e9s hit kapcsol\u00f3dik \u00f6ssze.<\/p>\n<p class=\"MsoNormal\" style=\"text-align: justify;\"><b>Egy k\u00fcl\u00f6nleges t\u00f6rt\u00e9net \u2013 A Telekom Hello Biznisz oldal\u00e1n<\/b><\/p>\n<p class=\"MsoNormal\" style=\"text-align: justify;\"><b>Kell-e nagyobb fegyvert\u00e9ny egy kezd\u0151 v\u00e1llalkoz\u00e1snak, minthogy az \u0151 \u00f6tlet\u00fck \u00e9s k\u00f6zrem\u0171k\u00f6d\u00e9s\u00fck nyom\u00e1n tal\u00e1l egym\u00e1sra egy sikeres \u00e9s nagy trad\u00edci\u00f3kkal rendelkez\u0151 olasz \u00e9s egy mag\u00e1r\u00f3l ugyanezt elmondhat\u00f3 magyar v\u00e1llalkoz\u00f3 csal\u00e1d? A P\u00e9ntek M\u00e1ria \u00e9s f\u00e9rje, Horv\u00e1th Gergely \u00e1ltal alap\u00edtott Toscaneria ezt a k\u00fcl\u00f6nleges els\u0151 tal\u00e1lkoz\u00e1st megval\u00f3s\u00edtotta. Pedig voltak\u00e9pp egy v\u00e9letlennek k\u00f6sz\u00f6nhet\u0151, hogy a h\u00e1zasp\u00e1r Toszk\u00e1na ir\u00e1nti rajong\u00e1s\u00e1b\u00f3l \u00fczleti v\u00e1llalkoz\u00e1s lett. Az \u0151 sikersztorijuk k\u00f6vetkezik.<\/b><\/p>\n<p class=\"MsoNormal\" style=\"text-align: justify;\">M\u00e1ria \u00e9s Gerg\u0151 k\u00fcl\u00f6nleges m\u00f3don ismerkedtek \u00f6ssze sok \u00e9vvel ezel\u0151tt: az els\u0151 kapcsot k\u00f6zt\u00fck egy Toszk\u00e1n\u00e1ban j\u00e1tsz\u00f3d\u00f3 film jelenete jelentette. Pedig addig m\u00e9g egyik\u00fck sem j\u00e1rt Toszk\u00e1n\u00e1ban, de mindketten szerettek volna eljutni oda. A k\u00f6z\u00f6s \u00e9rdekl\u0151d\u00e9s t\u00f6k\u00e9letes kiindul\u00f3pontja lett p\u00e1rkapcsolatuknak, 2005-ben jutottak el el\u0151sz\u00f6r k\u00f6z\u00f6s v\u00e1gyott \u00fatic\u00e9ljukhoz, de amikor \u2013 st\u00edlszer\u0171en Toszk\u00e1n\u00e1ban \u2013 \u00f6sszeh\u00e1zasodtak, m\u00e9g nem gondolt\u00e1k, hogy k\u00f6z\u00f6s v\u00e1llalkoz\u00e1st is \u00e9p\u00edtenek erre. A Toscaneri\u00e1ba imm\u00e1r n\u00e9gy \u00e9ve v\u00e1gtak bele, ketten, egy\u00fcttes er\u0151vel: \u201eToszk\u00e1na term\u00e9szeti \u00e9s kultur\u00e1lis \u00e9rt\u00e9keit k\u00e9pviselj\u00fck Magyarorsz\u00e1gon. Jelenleg \u00f6t k\u00fcl\u00f6nleges m\u00e1rk\u00e1val, k\u00f6zt\u00fck olyanokkal is, amelyek m\u00e1r \u00e9vsz\u00e1zados m\u00falttal rendelkeznek\u201d \u2013 \u00f6sszegzi Ria, mir\u0151l is sz\u00f3l a\u00a0Toscaneria.<\/p>\n<p class=\"MsoNormal\" style=\"text-align: justify;\">A sz\u00e9ps\u00e9g\u00e1pol\u00e1s, a lakberendez\u00e9s, az \u00fczleti aj\u00e1nd\u00e9koz\u00e1s t\u00e9mak\u00f6r\u00e9hez kapcsol\u00f3d\u00f3 m\u00e1rk\u00e1kkal dolgoznak jelenleg, amelyek els\u0151 pillant\u00e1sra nagyon k\u00fcl\u00f6nb\u00f6z\u0151nek t\u0171nnek, de a strat\u00e9gia, amely ment\u00e9n a v\u00e1llalkoz\u00e1st Ri\u00e1\u00e9k l\u00e9trehozt\u00e1k, m\u00e9gis \u00f6sszekapcsolja \u0151ket. Minden m\u00e1rk\u00e1ra jellemz\u0151 a k\u00f6rnyezettudatoss\u00e1g, a term\u00e9szetes \u00f6sszetev\u0151k haszn\u00e1lata \u2013 \u00e9s persze mind Toszk\u00e1n\u00e1b\u00f3l sz\u00e1rmazik.<\/p>\n<p class=\"MsoNormal\" style=\"text-align: justify;\"><b>Mi kellett ahhoz, hogy egyszer csak \u00fczleti lehet\u0151s\u00e9get is l\u00e1ssanak a Toszk\u00e1na ir\u00e1nti rajong\u00e1sban?<\/b><\/p>\n<p class=\"MsoNormal\" style=\"text-align: justify;\">Toszk\u00e1na eg\u00e9sz sok\u00e1ig egy szabadid\u0151s szenved\u00e9lyt jelentett Ri\u00e1nak \u00e9s Gerg\u0151nek. Sz\u00edvesen utaztak oda, rajongtak a toszk\u00e1n t\u00e1jak\u00e9rt, \u00edzek\u00e9rt. 2018 v\u00e9g\u00e9n egy maratonfut\u00f3-versenyen vettek r\u00e9szt Pis\u00e1ban, a sz\u00e1llodai szob\u00e1jukban tal\u00e1lkoztak el\u0151sz\u00f6r az <a href=\"https:\/\/toscaneria.hu\/idea-toscana\/\" target=\"_blank\" rel=\"noopener\">Idea Toscana<\/a> kozmetikumokkal: \u201eAnnyira megszerett\u00fck a term\u00e9keket, hogy m\u00e1r a hazafel\u00e9 vezet\u0151 \u00faton azt kerest\u00fck a neten, el\u00e9rhet\u0151-e itthon. A keres\u00e9s nem hozott tal\u00e1latot, ahogy m\u00e1s olyan term\u00e9kek nevein\u00e9l sem, amelyek toszk\u00e1n \u00fatjaink sor\u00e1n leny\u0171g\u00f6ztek minket. Ez adta az \u00f6tletet, hogy akkor lehetn\u00e9nk mi azok, akik Magyarorsz\u00e1gon bevezetik a toszk\u00e1n m\u00e1rk\u00e1kat\u201d \u2013 mes\u00e9li Ria.<\/p>\n<p class=\"MsoNormal\" style=\"text-align: justify;\">Nem mintha kereskedelmi gyakorlattal rendelkeztek volna \u2013 Ria PR ter\u00fcleten, Gerg\u0151 a filmm\u0171v\u00e9szetben tev\u00e9kenykedik. A v\u00e1llalkoz\u00e1sind\u00edt\u00e1st pedig abszol\u00fat nem a\u00a0ki\u00e9g\u00e9s\u00a0inspir\u00e1lta, egyszer\u0171en csak szerett\u00e9k volna idehaza is megszerettetni saj\u00e1t toszk\u00e1n kedvenceiket: \u201e\u00dagy \u00e9rezt\u00fck, hogy ez lehet a mi utunk, \u00e9s nem lehet v\u00e9letlen, hogy \u00edgy alakult az \u00e9let\u00fcnk. B\u00edztunk a portf\u00f3li\u00f3nkban szerepl\u0151 m\u00e1rk\u00e1kban, mert szem\u00e9lyesen tapasztaltuk meg, hogy milyen min\u0151s\u00e9get \u00e9s \u00e9rt\u00e9ket k\u00e9pviselnek. A toszk\u00e1nok kreat\u00edvok, ny\u00edltak, szorgalmasok, \u00e9s tele vannak \u00e9leter\u0151vel.\u201d<\/p>\n<p class=\"MsoNormal\" style=\"text-align: justify;\">A kozmetikumok adt\u00e1k a kezd\u0151 l\u00f6k\u00e9st, de kerestek tov\u00e1bbi m\u00e1rk\u00e1kat is, mint p\u00e9ld\u00e1ul a Busattit. Mindegyiket kipr\u00f3b\u00e1lt\u00e1k, Ria maga j\u00e1rt ut\u00e1na a t\u00f6rt\u00e9net\u00fcknek, \u00e9s vette fel a c\u00e9gekkel a kapcsolatot. N\u00e9h\u00e1ny h\u00e9t alatt \u00e1llt \u00f6ssze az \u00fczleti strat\u00e9gia, m\u00e9g c\u00e9g\u00fck sem volt, amikor m\u00e1r lev\u00e9lben kerest\u00e9k meg a rem\u00e9nybeli partnereket, egy\u00fcttm\u0171k\u00f6d\u00e9st aj\u00e1nlva. \u00c9pp a Busatti eset\u00e9ben nagyon izgultak, m\u00e9giscsak egy vil\u00e1gm\u00e1rk\u00e1r\u00f3l van sz\u00f3, de innen kaptak els\u0151k\u00e9nt pozit\u00edv visszajelz\u00e9st.<\/p>\n<p class=\"MsoNormal\" style=\"text-align: justify;\"><b>Hogyan tal\u00e1lt\u00e1k meg a keresletet a k\u00e9pviselt term\u00e9kek ir\u00e1nt?<\/b><\/p>\n<p class=\"MsoNormal\" style=\"text-align: justify;\">2019 tavasz\u00e1n \u00e9lesedett a toscaneria.hu, de az \u00e9rdemi munka csak \u0151sszel indult igaz\u00e1n. A magyar jelenl\u00e9t sz\u00fcks\u00e9gess\u00e9g\u00e9r\u0151l m\u00e1r meggy\u0151z\u00f6tt olasz m\u00e1rk\u00e1knak kerestek megfelel\u0151 magyar partnereket. \u201eMinden \u00faj \u00fczleti partneri kapcsolatot egy m\u00e9rf\u00f6ldk\u0151nek \u00e9l\u00fcnk meg. A legels\u0151 partnereink k\u00f6z\u00f6tt volt Z\u00f3lyomi Zsolt parf\u00fcm\u0151r, akire a Busatti enteri\u0151r parf\u00fcmjeit b\u00edztuk, kiz\u00e1r\u00f3lagosan. Az els\u0151 tal\u00e1lkoz\u00e1sunkkor, p\u00e1r perc ut\u00e1n meg\u00e1llapodtunk, an\u00e9lk\u00fcl, hogy p\u00e9nzr\u0151l besz\u00e9lt\u00fcnk volna. Partnereink k\u00f6z\u00f6tt tudhatjuk a <a href=\"https:\/\/graefl.hu\/\" target=\"_blank\" rel=\"noopener\">Graefl-kast\u00e9ly<\/a>t is, amely \u00f6kogazdas\u00e1gon alapul\u00f3 \u00e9tterm\u00e9vel az orsz\u00e1g els\u0151 Z\u00f6ld Michelin-csillag\u00e1t is ki\u00e9rdemelte. \u0150k a portf\u00f3li\u00f3nkban szerepl\u0151 m\u00e1rk\u00e1ink t\u00f6bbs\u00e9g\u00e9t be\u00e9p\u00edtett\u00e9k a kast\u00e9ly falai k\u00f6z\u00e9. A Holl\u00f3h\u00e1zi Porcel\u00e1nmanufakt\u00fara pedig m\u00e1r <a href=\"https:\/\/toscaneria.hu\/busatti\/\" target=\"_blank\" rel=\"noopener\">Busatti<\/a> text\u00edli\u00e1kkal sz\u00ednes\u00edti a budapesti bemutat\u00f3-\u00e9s ki\u00e1ll\u00edt\u00f3term\u00e9t, amely \u00f3ri\u00e1si megtiszteltet\u00e9s\u201d \u2013 sorolja Ria.<\/p>\n<p class=\"MsoNormal\" style=\"text-align: justify;\">Idei \u00e9v\u00fck legegyedibb egy\u00fcttm\u0171k\u00f6d\u00e9se k\u00e9t, a maga haz\u00e1j\u00e1ban egyar\u00e1nt tradicion\u00e1lis gy\u00f6kerekkel \u00e9s vir\u00e1gz\u00f3 v\u00e1llalkoz\u00e1ssal rendelkez\u0151 csal\u00e1dot k\u00f6t\u00f6tt \u00f6ssze: a Busatti \u00e9s a Zwack m\u00e1rk\u00e1k kollabor\u00e1ci\u00f3j\u00e1t k\u00f6zel k\u00e9t \u00e9vig k\u00e9sz\u00edtett\u00e9k el\u0151. B\u00e1r a Zwack csal\u00e1d Toszk\u00e1n\u00e1ban is \u00e9lt, m\u00e9gsem tal\u00e1lkozott egym\u00e1ssal a k\u00e9t v\u00e1llalkoz\u00f3 fam\u00edlia. Ri\u00e1\u00e9k sz\u00e1m\u00e1ra k\u00fcl\u00f6n \u00f6r\u00f6m \u00e9s megtiszteltet\u00e9s, hogy \u0151k jelenthett\u00e9k a k\u00e9t\u00a0csal\u00e1di v\u00e1llalkoz\u00e1s\u00a0k\u00f6z\u00f6tti kapcsol\u00f3d\u00e1si pontot: \u201eA Busatti Zwack Unicum text\u00edli\u00e1ba \u00e9s az arra \u00e9p\u00fcl\u0151 els\u0151 kollekci\u00f3ba sz\u00f3 szerint besz\u00f6v\u0151d\u00f6tt az Unicum, \u00e9s ez\u00e1ltal az els\u0151 hungarikum k\u00e9sz\u00fclt el a toszk\u00e1n manufakt\u00far\u00e1ban. Ezek a text\u00edli\u00e1k az\u00e9rt is k\u00fcl\u00f6nlegesek, mert nem a fel\u00fcletet festik meg, hanem a sz\u00e1lakat \u00e9s a gy\u00f6ny\u00f6r\u0171 mint\u00e1zatok sz\u00e1lak\u00e9nt rajzol\u00f3dnak ki, ez\u00e9rt komoly tervez\u00e9st ig\u00e9nyel egy-egy minta kivitelez\u00e9se. Az els\u0151 kollekci\u00f3 az <a href=\"https:\/\/unicumhaz.hu\/\" target=\"_blank\" rel=\"noopener\">Unicum H\u00e1z<\/a> tereihez k\u00e9sz\u00fclt, amelyet Zwack S\u00e1ndorral k\u00f6z\u00f6sen mutattunk be ny\u00e1ron. A kollekci\u00f3 darabjai a nagyk\u00f6z\u00f6ns\u00e9g sz\u00e1m\u00e1ra is el\u00e9rhet\u0151k a Zwack M\u00fazeumban \u00e9s webshopban.\u201d<\/p>\n<p class=\"MsoNormal\" style=\"text-align: justify;\"><b>Lehet-e ketten, h\u00e1zast\u00e1rsakk\u00e9nt sikerre vinni egy v\u00e1llalkoz\u00e1st?<\/b><\/p>\n<p class=\"MsoNormal\" style=\"text-align: justify;\">A v\u00e1llalkoz\u00e1st Ria \u00e9s f\u00e9rje alapvet\u0151en ketten viszik, ha kell, k\u00fcls\u0151s szakmai seg\u00edts\u00e9gre t\u00e1maszkodva, legyen sz\u00f3 jogr\u00f3l, IT-r\u0151l, vagy p\u00e9nz\u00fcgyr\u0151l. Azt viszont egyre ink\u00e1bb \u00e9rzik, hogy a k\u00f6vetkez\u0151 l\u00e9pcs\u0151fokot a csapat b\u0151v\u00edt\u00e9se jelenti majd, Ria sz\u00e1mol vele, hogy ez m\u00e1r ak\u00e1r 2024-ben esed\u00e9kes lehet: \u201eHa a m\u00e1rkaismerts\u00e9g\u00fcnk tov\u00e1bb n\u0151 \u00e9s a webshop forgalma is megk\u00edv\u00e1nja, sz\u00fcks\u00e9g\u00fcnk lesz egy menedzserre, aki az online \u00e9rt\u00e9kes\u00edt\u00e9st kezeli. Ahogy er\u0151s\u00edt\u00e9st jelenthet egy social media menedzser is, akire az online hirdet\u00e9sek ter\u00fclet\u00e9n t\u00e1maszkodn\u00e1nk.\u201d<\/p>\n<p class=\"MsoNormal\" style=\"text-align: justify;\">A\u00a0k\u00f6z\u00f6ss\u00e9gi m\u00e9di\u00e1s megjelen\u00e9st\u00a0eddig maguk tartott\u00e1k k\u00e9zben, ahogy a weboldaluk kezel\u00e9s\u00e9t is. Ut\u00f3bbi k\u00fcl\u00f6n\u00f6sen fontos l\u00e1ba a v\u00e1llalkoz\u00e1snak, hiszen sem az \u00fcgy\u00e9lszerz\u00e9s, sem a partneri viszonyok szempontj\u00e1b\u00f3l nem mell\u00e9kes, milyen benyom\u00e1s alakul ki a c\u00e9gr\u0151l \u00e9s a k\u00e9pviselt m\u00e1rk\u00e1kr\u00f3l a virtu\u00e1lis t\u00e9rben val\u00f3 els\u0151 tal\u00e1lkoz\u00e1skor. \u201eExkluz\u00edv m\u00e1rk\u00e1kat k\u00e9pvisel\u00fcnk, amely v\u00e9gtelen \u00f6r\u00f6mmel, de \u00f3ri\u00e1si felel\u0151ss\u00e9ggel is j\u00e1r, hiszen a m\u00e1rk\u00e1ink m\u00f6g\u00f6tt \u00e1ll\u00f3 csal\u00e1dok \u00e9vtizedek, \u00e9vsz\u00e1zadok \u00f3ta \u00e9p\u00edtik t\u00f6retlen h\u00edrnev\u00fcket, \u00e9s nek\u00fcnk k\u00f6teless\u00e9g\u00fcnk erre vigy\u00e1zni\u201d \u2013 fogalmaz Ria.<\/p>\n<p class=\"MsoNormal\" style=\"text-align: justify;\">A nagy felel\u0151ss\u00e9g ellen\u00e9re egyel\u0151re a v\u00e1llalkoz\u00f3i l\u00e9t pozit\u00edv oldal\u00e1ra f\u00f3kusz\u00e1lnak, nem a neh\u00e9zs\u00e9gekre: \u201eHatalmas k\u00f6nnyebbs\u00e9g, hogy Gerg\u0151 nemcsak az \u00e9letben, hanem a v\u00e1llalkoz\u00e1sunkban is a legjobb t\u00e1rsam. Mindig t\u00e1mogat, de amikor sz\u00fcks\u00e9ges, akkor visszar\u00e1nt a f\u00f6ldre\u201d \u2013 vallja be Ria. \u00c9s hogy h\u00e1tr\u00e1ny-e vagy el\u0151ny, hogy nemcsak az \u00fczleti \u00e9letben, a mag\u00e1n\u00e9letben is t\u00e1rsak? Szerinte ink\u00e1bb el\u0151ny. Siker\u00fclt megtal\u00e1lniuk azt az\u00a0egyens\u00falyt,\u00a0hogy hogyan ne \u00e9lj\u00e9k meg teherk\u00e9nt, ha a munk\u00e1t olykor \u2019haza kell vinni\u2019, a k\u00f6z\u00f6s v\u00e1llalkoz\u00e1s csak m\u00e9g ink\u00e1bb \u00f6sszekapcsolja \u0151ket.\u00a0<\/p>\n<p class=\"MsoNormal\" style=\"text-align: justify;\"><b>Mi viszi el\u0151re a p\u00e1rost?<\/b><\/p>\n<p class=\"MsoNormal\" style=\"text-align: justify;\">\u201eSzeretn\u00e9nk, ha v\u00e9djegy\u00fcnk lenne a kreativit\u00e1s, \u00edgy folyamatosan \u00f6tletel\u00fcnk, hogy valami egyedit \u00e9s \u00e9rt\u00e9keset alkothassunk. Most is \u00e9pp tesztel\u00fcnk egy term\u00e9ket, amit szeretn\u00e9nk bevonni a portf\u00f3li\u00f3ba, \u00e9s keress\u00fck a tov\u00e1bbi lehet\u0151s\u00e9geket is. Mindig csak egy \u00e9vre el\u0151re tervez\u00fcnk, \u00edgy van lehet\u0151s\u00e9g\u00fcnk be\u00e9p\u00edteni az el\u0151z\u0151 \u00e9v tapasztalatait a tervez\u00e9sbe\u201d \u2013 mondja Ria a j\u00f6v\u0151vel kapcsolatosan. \u2013 \u201eA mi munk\u00e1nk nagyon sok k\u00eds\u00e9rletez\u00e9ssel j\u00e1r, mert m\u00e9g j\u00e1ratlan ez az \u00fat, tanuljuk az eg\u00e9szet, ez\u00e9rt is v\u00e1lasztottuk a lass\u00fabb \u00e9s tudatosabb \u00e9p\u00edtkez\u00e9st. Ez is egy maraton a maga m\u00f3dj\u00e1n, nem szabad elsietn\u00fcnk az elej\u00e9t.\u201d<\/p>\n<p class=\"MsoNormal\" style=\"text-align: justify;\">\u00c9s hogy van-e m\u00e1ris valamilyen k\u00fcl\u00f6nleges tanuls\u00e1g, ak\u00e1r Toszk\u00e1n\u00e1ban ellesett tr\u00fckk? Ria egy t\u00f6rt\u00e9nettel v\u00e1laszol: \u201eEgyszer Toszk\u00e1n\u00e1ban egy k\u00f6z\u00f6s eb\u00e9d alkalm\u00e1val megk\u00e9rdezt\u00fck a m\u00e1r \u00e9vsz\u00e1zadok \u00f3ta fenn\u00e1ll\u00f3 m\u00e1rk\u00e1nk csal\u00e1df\u0151j\u00e9t, hogy mi a titkuk. 200 \u00e9v tud\u00e1s\u00e1t kaptuk, h\u00e1rom mondatba s\u0171r\u00edtve. Az els\u0151 a magas min\u0151s\u00e9g: lesznek id\u0151k, amikor \u00edgy nehezebb, de akkor is ezt kell v\u00e1lasztanunk. A m\u00e1sodik, hogy szenved\u00e9lyb\u0151l kell csin\u00e1lnunk, amit csin\u00e1lunk, mert \u00edgy tudjuk legy\u0151zni a neh\u00e9zs\u00e9geket. A harmadik a csal\u00e1d, ami ugyan most a harmadik helyen szerepel, de mindig annak kell az els\u0151nek lennie.\u201d<\/p>\n<p class=\"MsoNormal\" style=\"text-align: justify;\">Szerz\u0151: Ganzler Orsolya \u2013 Telekom Hello Biznisz szerkeszt\u0151s\u00e9g<\/p>\n<p class=\"MsoNormal\" style=\"text-align: justify;\"><a href=\"https:\/\/hellobiznisz.hu\/hogyan-lesz-egy-kozos-szenvedelybol-csaladi-vallalkozas-a-toscaneria-sikersztorija\/\" target=\"_blank\" rel=\"noopener\">Telekom Hello Biznisz cikk<\/a><\/p>\n<p class=\"MsoNormal\" style=\"text-align: justify;\">2023. december<\/p>\n\n\n<p><\/p>\n","protected":false},"excerpt":{"rendered":"<p>Telekom Hello Biznisz interj\u00fank:<br \/>\nKell-e nagyobb fegyvert\u00e9ny egy kezd\u0151 v\u00e1llalkoz\u00e1snak, minthogy az \u0151 \u00f6tlet\u00fck \u00e9s k\u00f6zrem\u0171k\u00f6d\u00e9s\u00fck nyom\u00e1n tal\u00e1l egym\u00e1sra egy sikeres \u00e9s nagy trad\u00edci\u00f3kkal rendelkez\u0151 olasz \u00e9s egy mag\u00e1r\u00f3l ugyanezt elmondhat\u00f3 magyar v\u00e1llalkoz\u00f3 csal\u00e1d? A P\u00e9ntek M\u00e1ria \u00e9s f\u00e9rje, Horv\u00e1th Gergely \u00e1ltal alap\u00edtott Toscaneria ezt a k\u00fcl\u00f6nleges els\u0151 tal\u00e1lkoz\u00e1st megval\u00f3s\u00edtotta. Pedig voltak\u00e9pp egy v\u00e9letlennek k\u00f6sz\u00f6nhet\u0151, hogy a h\u00e1zasp\u00e1r Toszk\u00e1na ir\u00e1nti rajong\u00e1s\u00e1b\u00f3l \u00fczleti v\u00e1llalkoz\u00e1s lett. Az \u0151 sikersztorijuk k\u00f6vetkezik.<\/p>\n","protected":false},"author":1,"featured_media":16675,"comment_status":"closed","ping_status":"closed","sticky":false,"template":"","format":"standard","meta":{"footnotes":""},"categories":[1],"tags":[142],"class_list":["post-16674","post","type-post","status-publish","format-standard","has-post-thumbnail","hentry","category-magazin","tag-telekom-hello-biznisz"],"_links":{"self":[{"href":"https:\/\/toscaneria.hu\/en\/wp-json\/wp\/v2\/posts\/16674","targetHints":{"allow":["GET"]}}],"collection":[{"href":"https:\/\/toscaneria.hu\/en\/wp-json\/wp\/v2\/posts"}],"about":[{"href":"https:\/\/toscaneria.hu\/en\/wp-json\/wp\/v2\/types\/post"}],"author":[{"embeddable":true,"href":"https:\/\/toscaneria.hu\/en\/wp-json\/wp\/v2\/users\/1"}],"replies":[{"embeddable":true,"href":"https:\/\/toscaneria.hu\/en\/wp-json\/wp\/v2\/comments?post=16674"}],"version-history":[{"count":9,"href":"https:\/\/toscaneria.hu\/en\/wp-json\/wp\/v2\/posts\/16674\/revisions"}],"predecessor-version":[{"id":19546,"href":"https:\/\/toscaneria.hu\/en\/wp-json\/wp\/v2\/posts\/16674\/revisions\/19546"}],"wp:featuredmedia":[{"embeddable":true,"href":"https:\/\/toscaneria.hu\/en\/wp-json\/wp\/v2\/media\/16675"}],"wp:attachment":[{"href":"https:\/\/toscaneria.hu\/en\/wp-json\/wp\/v2\/media?parent=16674"}],"wp:term":[{"taxonomy":"category","embeddable":true,"href":"https:\/\/toscaneria.hu\/en\/wp-json\/wp\/v2\/categories?post=16674"},{"taxonomy":"post_tag","embeddable":true,"href":"https:\/\/toscaneria.hu\/en\/wp-json\/wp\/v2\/tags?post=16674"}],"curies":[{"name":"wp","href":"https:\/\/api.w.org\/{rel}","templated":true}]}}