{"id":18068,"date":"2024-08-23T15:15:01","date_gmt":"2024-08-23T15:15:01","guid":{"rendered":"https:\/\/toscaneria.hu\/?p=18068"},"modified":"2026-03-21T21:57:11","modified_gmt":"2026-03-21T21:57:11","slug":"toszkana-tortenelmenek-legfontosabb-allomasai","status":"publish","type":"post","link":"https:\/\/toscaneria.hu\/en\/toszkana-tortenelmenek-legfontosabb-allomasai\/","title":{"rendered":"Toszk\u00e1na t\u00f6rt\u00e9nelm\u00e9nek legfontosabb \u00e1llom\u00e1sai"},"content":{"rendered":"\t\t<div data-elementor-type=\"wp-post\" data-elementor-id=\"18068\" class=\"elementor elementor-18068\">\n\t\t\t\t\t\t<section class=\"elementor-section elementor-top-section elementor-element elementor-element-1318faa elementor-section-boxed elementor-section-height-default elementor-section-height-default qodef-elementor-content-no\" data-id=\"1318faa\" data-element_type=\"section\" data-e-type=\"section\">\n\t\t\t\t\t\t<div class=\"elementor-container elementor-column-gap-default\">\n\t\t\t\t\t<div class=\"elementor-column elementor-col-100 elementor-top-column elementor-element elementor-element-49e4a93\" data-id=\"49e4a93\" data-element_type=\"column\" data-e-type=\"column\">\n\t\t\t<div class=\"elementor-widget-wrap elementor-element-populated\">\n\t\t\t\t\t\t<div class=\"elementor-element elementor-element-2806496 elementor-widget elementor-widget-text-editor\" data-id=\"2806496\" data-element_type=\"widget\" data-e-type=\"widget\" data-widget_type=\"text-editor.default\">\n\t\t\t\t<div class=\"elementor-widget-container\">\n\t\t\t\t\t\t\t\t\t<p class=\"\" data-start=\"240\" data-end=\"590\">Toszk\u00e1na gazdag t\u00f6rt\u00e9nelme t\u00f6bb ezer \u00e9vre ny\u00falik vissza. A t\u00e1j dombjai, v\u00e1rosai \u00e9s falvai az etruszk civiliz\u00e1ci\u00f3 b\u00f6lcs\u0151j\u00e9b\u0151l emelkedtek ki, \u00e9s az id\u0151k sor\u00e1n sz\u00e1mos nagyhatalom hagyta rajta k\u00e9zjegy\u00e9t. Most v\u00e9gigkalauzolunk azokon a korszakokon, amelyek Toszk\u00e1n\u00e1t azz\u00e1 tett\u00e9k, ami ma: Olaszorsz\u00e1g egyik legmeghat\u00e1roz\u00f3bb kultur\u00e1lis \u00e9s t\u00f6rt\u00e9nelmi r\u00e9gi\u00f3j\u00e1v\u00e1.<\/p><hr class=\"\" data-start=\"592\" data-end=\"595\" \/><h3 class=\"\" data-start=\"597\" data-end=\"626\"><strong data-start=\"601\" data-end=\"626\">Az etruszkok nyom\u00e1ban<\/strong><\/h3><p class=\"\" data-start=\"628\" data-end=\"892\">A r\u00f3maiak <strong data-start=\"638\" data-end=\"647\">Tusci<\/strong> vagy <strong data-start=\"653\" data-end=\"664\">Etrusci<\/strong> n\u00e9ven emlegett\u00e9k a mai toszk\u00e1nok \u0151seit. Az <strong data-start=\"708\" data-end=\"731\">etruszk civiliz\u00e1ci\u00f3<\/strong> i. e. 7. sz\u00e1zadban \u00e9rte el vir\u00e1gkor\u00e1t, kifinomult kult\u00far\u00e1juk, magas szint\u0171 k\u00e9zm\u0171vess\u00e9g\u00fck \u00e9s fejlett t\u00e1rsadalmi strukt\u00far\u00e1juk messze f\u00f6ld\u00f6n h\u00edress\u00e9 tette \u0151ket.<\/p><p class=\"\" data-start=\"894\" data-end=\"1188\">A v\u00e1ros\u00e1llamok sz\u00e9ttagolts\u00e1ga azonban h\u00e1tr\u00e1nyt jelentett: <strong data-start=\"952\" data-end=\"964\">Volterra<\/strong>, <strong data-start=\"966\" data-end=\"976\">Arezzo<\/strong> \u00e9s m\u00e1s k\u00f6zpontok nem tudtak egys\u00e9gk\u00e9nt fell\u00e9pni R\u00f3ma ellen. Az etruszk kult\u00fara v\u00e9g\u00fcl a <strong data-start=\"1064\" data-end=\"1081\">r\u00f3mai h\u00f3d\u00edt\u00e1s<\/strong> \u00e1ldozat\u00e1v\u00e1 v\u00e1lt. A <strong data-start=\"1101\" data-end=\"1116\">Via Aurelia<\/strong> \u00e9s a <strong data-start=\"1122\" data-end=\"1136\">Via Cassia<\/strong> r\u00f3mai utak m\u00e1ig meghat\u00e1rozz\u00e1k Toszk\u00e1na \u00fath\u00e1l\u00f3zat\u00e1t.<\/p><hr class=\"\" data-start=\"1190\" data-end=\"1193\" \/><h3 class=\"\" data-start=\"1195\" data-end=\"1235\"><strong data-start=\"1199\" data-end=\"1235\">Longob\u00e1rd uralom \u00e9s \u00fajj\u00e1sz\u00fclet\u00e9s<\/strong><\/h3><p class=\"\" data-start=\"1237\" data-end=\"1453\">A Nyugatr\u00f3mai Birodalom buk\u00e1sa ut\u00e1n <strong data-start=\"1273\" data-end=\"1323\">Toszk\u00e1na \u00e9vsz\u00e1zadokra idegen uralom al\u00e1 ker\u00fclt<\/strong>. A keleti g\u00f3tok \u00e9s a biz\u00e1nciak harcai ut\u00e1n a longob\u00e1rdok vett\u00e9k \u00e1t az uralmat, amellyel kezdet\u00e9t vette a tartom\u00e1ny \u00fajj\u00e1sz\u00fclet\u00e9se.<\/p><p class=\"\" data-start=\"1455\" data-end=\"1602\">Ebben az id\u0151szakban <strong data-start=\"1475\" data-end=\"1484\">Lucca<\/strong> v\u00e1lt a legfontosabb hatalmi k\u00f6zpontt\u00e1, mik\u00f6zben <strong data-start=\"1533\" data-end=\"1541\">Pisa<\/strong> kereskedelmi kik\u00f6t\u0151k\u00e9nt egyre nagyobb befoly\u00e1sra tett szert.<\/p><hr class=\"\" data-start=\"1604\" data-end=\"1607\" \/><h3 class=\"\" data-start=\"1609\" data-end=\"1645\"><strong data-start=\"1613\" data-end=\"1645\">A v\u00e1ros\u00e1llamok felemelked\u00e9se<\/strong><\/h3><p class=\"\" data-start=\"1647\" data-end=\"1997\">A karoling uralkod\u00f3k idej\u00e9n <strong data-start=\"1675\" data-end=\"1704\">v\u00e1rkast\u00e9lyok \u00e9s templomok<\/strong> emelkedtek a vid\u00e9k v\u00e9delm\u00e9re. A templom\u00e9p\u00edt\u00e9si l\u00e1z nemes verseng\u00e9ss\u00e9 alakult, \u00e9s el\u0151k\u00e9sz\u00edtette a v\u00e1ros\u00e1llamok \u2013 az \u00fan. <strong data-start=\"1824\" data-end=\"1836\">comune-k<\/strong> \u2013 l\u00e9trej\u00f6tt\u00e9t. <strong data-start=\"1852\" data-end=\"1893\">Firenze, Pisa, Siena, Lucca \u00e9s Arezzo<\/strong> hamarosan egym\u00e1ssal rivaliz\u00e1l\u00f3 k\u00f6zpontokk\u00e1 v\u00e1ltak, saj\u00e1t korm\u00e1nyzattal, hadsereggel \u00e9s kereskedelemmel.<\/p><hr class=\"\" data-start=\"1999\" data-end=\"2002\" \/><h3 class=\"\" data-start=\"2004\" data-end=\"2044\"><strong data-start=\"2008\" data-end=\"2044\">A Medici-korszak \u00e9s a renesz\u00e1nsz<\/strong><\/h3><p class=\"\" data-start=\"2046\" data-end=\"2233\">A 13. sz\u00e1zadban m\u00e9g <strong data-start=\"2068\" data-end=\"2076\">Pisa<\/strong> volt a t\u00e9rs\u00e9g vezet\u0151 hatalma, de <strong data-start=\"2110\" data-end=\"2143\">1284-es veres\u00e9ge Genova ellen<\/strong> megpecs\u00e9telte sors\u00e1t. Ezzel egy id\u0151ben <strong data-start=\"2183\" data-end=\"2194\">Firenze<\/strong> felemelked\u00e9se meg\u00e1ll\u00edthatatlann\u00e1 v\u00e1lt.<\/p><p class=\"\" data-start=\"2235\" data-end=\"2591\">A 14-15. sz\u00e1zadban a <strong data-start=\"2257\" data-end=\"2274\">Medici-csal\u00e1d<\/strong> ker\u00fclt hatalomra. <strong data-start=\"2293\" data-end=\"2314\">Cosimo il Vecchio<\/strong> \u00e9s <strong data-start=\"2318\" data-end=\"2342\">Lorenzo il Magnifico<\/strong> politikai zsenialit\u00e1sa \u00e9s mec\u00e9n\u00e1si tev\u00e9kenys\u00e9ge r\u00e9v\u00e9n Firenze a <strong data-start=\"2407\" data-end=\"2430\">renesz\u00e1nsz b\u00f6lcs\u0151je<\/strong> lett. E korszakban vir\u00e1gzott a m\u0171v\u00e9szet, az irodalom \u00e9s a tudom\u00e1ny \u2013 olyan nevek f\u00e9mjelzik, mint Galileo Galilei, Dante Alighieri, Michelangelo Buonarroti vagy Filippo Brunelleschi<\/p><hr class=\"\" data-start=\"2593\" data-end=\"2596\" \/><h3 class=\"\" data-start=\"2598\" data-end=\"2640\"><strong data-start=\"2602\" data-end=\"2640\">A toszk\u00e1n nagyhercegs\u00e9g \u00e9vsz\u00e1zadai<\/strong><\/h3><p class=\"\" data-start=\"2642\" data-end=\"2962\">A <strong data-start=\"2644\" data-end=\"2664\">Medici-dinasztia<\/strong> ut\u00e1n Toszk\u00e1n\u00e1t el\u0151bb a <strong data-start=\"2688\" data-end=\"2709\">spanyol Bourbonok<\/strong>, majd a <strong data-start=\"2718\" data-end=\"2738\">Lotharingiai-h\u00e1z<\/strong> ir\u00e1ny\u00edtotta. <strong data-start=\"2752\" data-end=\"2771\">Pietro Leopoldo<\/strong>, aki 1765-ben l\u00e9pett tr\u00f3nra, <strong data-start=\"2801\" data-end=\"2835\">a modern Toszk\u00e1na megalap\u00edt\u00f3ja<\/strong> volt: reformjaival fellend\u00edtette a mez\u0151gazdas\u00e1got, \u00fajraszervezte a k\u00f6zigazgat\u00e1st, \u00e9s a k\u00e9zm\u0171vess\u00e9get is vir\u00e1gz\u00e1snak ind\u00edtotta.<\/p><hr class=\"\" data-start=\"2964\" data-end=\"2967\" \/><h3 class=\"\" data-start=\"2969\" data-end=\"3004\"><strong data-start=\"2973\" data-end=\"3004\">A Nap\u00f3leon-kor \u00e9s az egys\u00e9g<\/strong><\/h3><p class=\"\" data-start=\"3006\" data-end=\"3347\">A <strong data-start=\"3008\" data-end=\"3029\">nap\u00f3leoni h\u00e1bor\u00fak<\/strong> alatt Toszk\u00e1na hat\u00e1rai is m\u00f3dosultak, de v\u00e9g\u00fcl <strong data-start=\"3077\" data-end=\"3109\">1815-ben a b\u00e9csi kongresszus<\/strong> vissza\u00e1ll\u00edtotta a r\u00e9gi\u00f3t a Lotharingiai-h\u00e1z fennhat\u00f3s\u00e1ga al\u00e1. <strong data-start=\"3172\" data-end=\"3187\">II. Leopold<\/strong> uralkod\u00e1sa alatt bevezettek egy \u00faj <strong data-start=\"3231\" data-end=\"3251\">alkotm\u00e1nyos rend<\/strong>, azonban a szabads\u00e1gharcok \u00e9s politikai fesz\u00fclts\u00e9gek v\u00e9g\u00fcl sz\u00e1m\u0171zet\u00e9sbe k\u00fcldt\u00e9k a nagyherceget.<\/p><p class=\"\" data-start=\"3349\" data-end=\"3478\"><strong data-start=\"3349\" data-end=\"3361\">1860-ban<\/strong> n\u00e9pszavaz\u00e1ssal Toszk\u00e1na csatlakozott a <strong data-start=\"3401\" data-end=\"3423\">Sz\u00e1rd Kir\u00e1lys\u00e1ghoz<\/strong>, \u00e9s <strong data-start=\"3428\" data-end=\"3439\">Firenze<\/strong> egy ideig Olaszorsz\u00e1g f\u0151v\u00e1ros\u00e1v\u00e1 v\u00e1lt.<\/p><hr class=\"\" data-start=\"3480\" data-end=\"3483\" \/><h3 class=\"\" data-start=\"3485\" data-end=\"3531\"><strong data-start=\"3489\" data-end=\"3531\">Modern id\u0151k: pusztul\u00e1s \u00e9s \u00fajj\u00e1sz\u00fclet\u00e9s<\/strong><\/h3><p class=\"\" data-start=\"3533\" data-end=\"3797\">A <strong data-start=\"3535\" data-end=\"3554\">II. vil\u00e1gh\u00e1bor\u00fa<\/strong> s\u00falyos vesztes\u00e9geket hozott: Firenze bomb\u00e1z\u00e1sokat szenvedett el, t\u00f6bb h\u00edd megsemmis\u00fclt, \u00e9s p\u00f3tolhatatlan m\u0171kincsek vesztek el. <strong data-start=\"3673\" data-end=\"3685\">1966-ban<\/strong> az <strong data-start=\"3689\" data-end=\"3711\">Arno foly\u00f3 \u00e1rad\u00e1sa<\/strong> \u00fajabb katasztr\u00f3f\u00e1t okozott: az Uffizi k\u00e9pt\u00e1r \u00e9s az eg\u00e9sz v\u00e1rosk\u00f6zpont v\u00edz al\u00e1 ker\u00fclt.<\/p><p class=\"\" data-start=\"3799\" data-end=\"3997\">Az ezt k\u00f6vet\u0151 \u00e9vtizedek azonban m\u00e1r <strong data-start=\"3835\" data-end=\"3879\">a kultur\u00e1lis \u00e9s turisztikai felemelked\u00e9s<\/strong> id\u0151szak\u00e1t hozt\u00e1k el. Ma Toszk\u00e1na nemcsak Olaszorsz\u00e1g, hanem az eg\u00e9sz vil\u00e1g egyik legkeresettebb kultur\u00e1lis \u00fati c\u00e9lja.<\/p><hr class=\"\" data-start=\"3999\" data-end=\"4002\" \/><p class=\"\" data-start=\"4004\" data-end=\"4180\"><strong data-start=\"4004\" data-end=\"4073\">Fedezd fel Toszk\u00e1na k\u00fcl\u00f6nleges vil\u00e1g\u00e1t m\u00e9g t\u00f6bb cikk\u00fcnkben is:<\/strong><br data-start=\"4073\" data-end=\"4076\" \/><a class=\"\" href=\"https:\/\/toscaneria.hu\" data-start=\"4079\" data-end=\"4180\">Toszk\u00e1na t\u00f6rt\u00e9nelmi t\u00e1jai \u00e9s rejtett gy\u00f6ngyszemei \u2013 Tov\u00e1bbi olvasnival\u00f3k itt<\/a><\/p><p>K\u00e9pek: Toscaneria<\/p><p>Forr\u00e1s: Costanza Poli, Toscana\u00a0<\/p>\t\t\t\t\t\t\t\t<\/div>\n\t\t\t\t<\/div>\n\t\t\t\t\t<\/div>\n\t\t<\/div>\n\t\t\t\t\t<\/div>\n\t\t<\/section>\n\t\t\t\t<section class=\"elementor-section elementor-top-section elementor-element elementor-element-c9cbcdf elementor-section-boxed elementor-section-height-default elementor-section-height-default qodef-elementor-content-no\" data-id=\"c9cbcdf\" data-element_type=\"section\" data-e-type=\"section\">\n\t\t\t\t\t\t<div class=\"elementor-container elementor-column-gap-default\">\n\t\t\t\t\t<div class=\"elementor-column elementor-col-100 elementor-top-column elementor-element elementor-element-f96ba88\" data-id=\"f96ba88\" data-element_type=\"column\" data-e-type=\"column\">\n\t\t\t<div class=\"elementor-widget-wrap elementor-element-populated\">\n\t\t\t\t\t\t<div class=\"elementor-element elementor-element-a1751e1 elementor-widget elementor-widget-image-gallery\" data-id=\"a1751e1\" data-element_type=\"widget\" data-e-type=\"widget\" data-widget_type=\"image-gallery.default\">\n\t\t\t\t<div class=\"elementor-widget-container\">\n\t\t\t\t\t\t\t<div class=\"elementor-image-gallery\">\n\t\t\t\n\t\t<style type=\"text\/css\">\n\t\t\t#gallery-1 {\n\t\t\t\tmargin: auto;\n\t\t\t}\n\t\t\t#gallery-1 .gallery-item {\n\t\t\t\tfloat: left;\n\t\t\t\tmargin-top: 10px;\n\t\t\t\ttext-align: center;\n\t\t\t\twidth: 33%;\n\t\t\t}\n\t\t\t#gallery-1 img {\n\t\t\t\tborder: 2px solid #cfcfcf;\n\t\t\t}\n\t\t\t#gallery-1 .gallery-caption {\n\t\t\t\tmargin-left: 0;\n\t\t\t}\n\t\t\t\/* see gallery_shortcode() in wp-includes\/media.php *\/\n\t\t<\/style>\n\t\t<div id='gallery-1' class='gallery galleryid-18068 gallery-columns-3 gallery-size-medium'><dl class='gallery-item'>\n\t\t\t<dt class='gallery-icon landscape'>\n\t\t\t\t<a data-elementor-open-lightbox=\"yes\" data-elementor-lightbox-slideshow=\"a1751e1\" data-elementor-lightbox-title=\"Anghiari\" data-e-action-hash=\"#elementor-action%3Aaction%3Dlightbox%26settings%3DeyJpZCI6MTgwODUsInVybCI6Imh0dHBzOlwvXC90b3NjYW5lcmlhLmh1XC93cC1jb250ZW50XC91cGxvYWRzXC8yMDI0XC8wOFwvQW5naGlhcmktMS5qcGciLCJzbGlkZXNob3ciOiJhMTc1MWUxIn0%3D\" href='https:\/\/toscaneria.hu\/wp-content\/uploads\/2024\/08\/Anghiari-1.jpg'><img fetchpriority=\"high\" decoding=\"async\" width=\"300\" height=\"225\" src=\"https:\/\/toscaneria.hu\/wp-content\/uploads\/2024\/08\/Anghiari-1-300x225.jpg\" class=\"attachment-medium size-medium\" alt=\"\" aria-describedby=\"gallery-1-18085\" srcset=\"https:\/\/toscaneria.hu\/wp-content\/uploads\/2024\/08\/Anghiari-1-300x225.jpg 300w, https:\/\/toscaneria.hu\/wp-content\/uploads\/2024\/08\/Anghiari-1-1024x768.jpg 1024w, https:\/\/toscaneria.hu\/wp-content\/uploads\/2024\/08\/Anghiari-1-768x576.jpg 768w, https:\/\/toscaneria.hu\/wp-content\/uploads\/2024\/08\/Anghiari-1-600x450.jpg 600w, https:\/\/toscaneria.hu\/wp-content\/uploads\/2024\/08\/Anghiari-1.jpg 1451w\" sizes=\"(max-width: 300px) 100vw, 300px\" \/><\/a>\n\t\t\t<\/dt>\n\t\t\t\t<dd class='wp-caption-text gallery-caption' id='gallery-1-18085'>\n\t\t\t\tAnghiari\n\t\t\t\t<\/dd><\/dl><dl class='gallery-item'>\n\t\t\t<dt class='gallery-icon landscape'>\n\t\t\t\t<a data-elementor-open-lightbox=\"yes\" data-elementor-lightbox-slideshow=\"a1751e1\" data-elementor-lightbox-title=\"Montepulciano\" data-e-action-hash=\"#elementor-action%3Aaction%3Dlightbox%26settings%3DeyJpZCI6MTgwODcsInVybCI6Imh0dHBzOlwvXC90b3NjYW5lcmlhLmh1XC93cC1jb250ZW50XC91cGxvYWRzXC8yMDI0XC8wOFwvTW9udGVwdWxjaWFuby0xLmpwZyIsInNsaWRlc2hvdyI6ImExNzUxZTEifQ%3D%3D\" href='https:\/\/toscaneria.hu\/wp-content\/uploads\/2024\/08\/Montepulciano-1.jpg'><img decoding=\"async\" width=\"300\" height=\"225\" src=\"https:\/\/toscaneria.hu\/wp-content\/uploads\/2024\/08\/Montepulciano-1-300x225.jpg\" class=\"attachment-medium size-medium\" alt=\"\" aria-describedby=\"gallery-1-18087\" srcset=\"https:\/\/toscaneria.hu\/wp-content\/uploads\/2024\/08\/Montepulciano-1-300x225.jpg 300w, https:\/\/toscaneria.hu\/wp-content\/uploads\/2024\/08\/Montepulciano-1-1024x768.jpg 1024w, https:\/\/toscaneria.hu\/wp-content\/uploads\/2024\/08\/Montepulciano-1-768x576.jpg 768w, https:\/\/toscaneria.hu\/wp-content\/uploads\/2024\/08\/Montepulciano-1-600x450.jpg 600w, https:\/\/toscaneria.hu\/wp-content\/uploads\/2024\/08\/Montepulciano-1.jpg 1451w\" sizes=\"(max-width: 300px) 100vw, 300px\" \/><\/a>\n\t\t\t<\/dt>\n\t\t\t\t<dd class='wp-caption-text gallery-caption' id='gallery-1-18087'>\n\t\t\t\tMontepulciano\n\t\t\t\t<\/dd><\/dl><dl class='gallery-item'>\n\t\t\t<dt class='gallery-icon landscape'>\n\t\t\t\t<a data-elementor-open-lightbox=\"yes\" data-elementor-lightbox-slideshow=\"a1751e1\" data-elementor-lightbox-title=\"Pitigliano\" data-e-action-hash=\"#elementor-action%3Aaction%3Dlightbox%26settings%3DeyJpZCI6MTgwODksInVybCI6Imh0dHBzOlwvXC90b3NjYW5lcmlhLmh1XC93cC1jb250ZW50XC91cGxvYWRzXC8yMDI0XC8wOFwvUGl0aWdsaWFuby0xLmpwZyIsInNsaWRlc2hvdyI6ImExNzUxZTEifQ%3D%3D\" href='https:\/\/toscaneria.hu\/wp-content\/uploads\/2024\/08\/Pitigliano-1.jpg'><img decoding=\"async\" width=\"300\" height=\"225\" src=\"https:\/\/toscaneria.hu\/wp-content\/uploads\/2024\/08\/Pitigliano-1-300x225.jpg\" class=\"attachment-medium size-medium\" alt=\"\" aria-describedby=\"gallery-1-18089\" srcset=\"https:\/\/toscaneria.hu\/wp-content\/uploads\/2024\/08\/Pitigliano-1-300x225.jpg 300w, https:\/\/toscaneria.hu\/wp-content\/uploads\/2024\/08\/Pitigliano-1-1024x768.jpg 1024w, https:\/\/toscaneria.hu\/wp-content\/uploads\/2024\/08\/Pitigliano-1-768x576.jpg 768w, https:\/\/toscaneria.hu\/wp-content\/uploads\/2024\/08\/Pitigliano-1-600x450.jpg 600w, https:\/\/toscaneria.hu\/wp-content\/uploads\/2024\/08\/Pitigliano-1.jpg 1451w\" sizes=\"(max-width: 300px) 100vw, 300px\" \/><\/a>\n\t\t\t<\/dt>\n\t\t\t\t<dd class='wp-caption-text gallery-caption' id='gallery-1-18089'>\n\t\t\t\tPitigliano\n\t\t\t\t<\/dd><\/dl><br style=\"clear: both\" \/><dl class='gallery-item'>\n\t\t\t<dt class='gallery-icon landscape'>\n\t\t\t\t<a data-elementor-open-lightbox=\"yes\" data-elementor-lightbox-slideshow=\"a1751e1\" data-elementor-lightbox-title=\"Radicofani\" data-e-action-hash=\"#elementor-action%3Aaction%3Dlightbox%26settings%3DeyJpZCI6MTgwOTEsInVybCI6Imh0dHBzOlwvXC90b3NjYW5lcmlhLmh1XC93cC1jb250ZW50XC91cGxvYWRzXC8yMDI0XC8wOFwvUmFkaWNvZmFuaS0xLmpwZyIsInNsaWRlc2hvdyI6ImExNzUxZTEifQ%3D%3D\" href='https:\/\/toscaneria.hu\/wp-content\/uploads\/2024\/08\/Radicofani-1.jpg'><img loading=\"lazy\" decoding=\"async\" width=\"300\" height=\"225\" src=\"https:\/\/toscaneria.hu\/wp-content\/uploads\/2024\/08\/Radicofani-1-300x225.jpg\" class=\"attachment-medium size-medium\" alt=\"\" aria-describedby=\"gallery-1-18091\" srcset=\"https:\/\/toscaneria.hu\/wp-content\/uploads\/2024\/08\/Radicofani-1-300x225.jpg 300w, https:\/\/toscaneria.hu\/wp-content\/uploads\/2024\/08\/Radicofani-1-1024x768.jpg 1024w, https:\/\/toscaneria.hu\/wp-content\/uploads\/2024\/08\/Radicofani-1-768x576.jpg 768w, https:\/\/toscaneria.hu\/wp-content\/uploads\/2024\/08\/Radicofani-1-600x450.jpg 600w, https:\/\/toscaneria.hu\/wp-content\/uploads\/2024\/08\/Radicofani-1.jpg 1451w\" sizes=\"(max-width: 300px) 100vw, 300px\" \/><\/a>\n\t\t\t<\/dt>\n\t\t\t\t<dd class='wp-caption-text gallery-caption' id='gallery-1-18091'>\n\t\t\t\tRadicofani\n\t\t\t\t<\/dd><\/dl><dl class='gallery-item'>\n\t\t\t<dt class='gallery-icon landscape'>\n\t\t\t\t<a data-elementor-open-lightbox=\"yes\" data-elementor-lightbox-slideshow=\"a1751e1\" data-elementor-lightbox-title=\"San Gimignano\" data-e-action-hash=\"#elementor-action%3Aaction%3Dlightbox%26settings%3DeyJpZCI6MTgwOTMsInVybCI6Imh0dHBzOlwvXC90b3NjYW5lcmlhLmh1XC93cC1jb250ZW50XC91cGxvYWRzXC8yMDI0XC8wOFwvU2FuLUdpbWlnbmFuby0xLmpwZyIsInNsaWRlc2hvdyI6ImExNzUxZTEifQ%3D%3D\" href='https:\/\/toscaneria.hu\/wp-content\/uploads\/2024\/08\/San-Gimignano-1.jpg'><img loading=\"lazy\" decoding=\"async\" width=\"300\" height=\"225\" src=\"https:\/\/toscaneria.hu\/wp-content\/uploads\/2024\/08\/San-Gimignano-1-300x225.jpg\" class=\"attachment-medium size-medium\" alt=\"\" aria-describedby=\"gallery-1-18093\" srcset=\"https:\/\/toscaneria.hu\/wp-content\/uploads\/2024\/08\/San-Gimignano-1-300x225.jpg 300w, https:\/\/toscaneria.hu\/wp-content\/uploads\/2024\/08\/San-Gimignano-1-1024x768.jpg 1024w, https:\/\/toscaneria.hu\/wp-content\/uploads\/2024\/08\/San-Gimignano-1-768x576.jpg 768w, https:\/\/toscaneria.hu\/wp-content\/uploads\/2024\/08\/San-Gimignano-1-600x450.jpg 600w, https:\/\/toscaneria.hu\/wp-content\/uploads\/2024\/08\/San-Gimignano-1.jpg 1451w\" sizes=\"(max-width: 300px) 100vw, 300px\" \/><\/a>\n\t\t\t<\/dt>\n\t\t\t\t<dd class='wp-caption-text gallery-caption' id='gallery-1-18093'>\n\t\t\t\tSan Gimignano\n\t\t\t\t<\/dd><\/dl><dl class='gallery-item'>\n\t\t\t<dt class='gallery-icon landscape'>\n\t\t\t\t<a data-elementor-open-lightbox=\"yes\" data-elementor-lightbox-slideshow=\"a1751e1\" data-elementor-lightbox-title=\"Sorano\" data-e-action-hash=\"#elementor-action%3Aaction%3Dlightbox%26settings%3DeyJpZCI6MTgwOTUsInVybCI6Imh0dHBzOlwvXC90b3NjYW5lcmlhLmh1XC93cC1jb250ZW50XC91cGxvYWRzXC8yMDI0XC8wOFwvU29yYW5vLTEuanBnIiwic2xpZGVzaG93IjoiYTE3NTFlMSJ9\" href='https:\/\/toscaneria.hu\/wp-content\/uploads\/2024\/08\/Sorano-1.jpg'><img loading=\"lazy\" decoding=\"async\" width=\"300\" height=\"225\" src=\"https:\/\/toscaneria.hu\/wp-content\/uploads\/2024\/08\/Sorano-1-300x225.jpg\" class=\"attachment-medium size-medium\" alt=\"\" aria-describedby=\"gallery-1-18095\" srcset=\"https:\/\/toscaneria.hu\/wp-content\/uploads\/2024\/08\/Sorano-1-300x225.jpg 300w, https:\/\/toscaneria.hu\/wp-content\/uploads\/2024\/08\/Sorano-1-1024x768.jpg 1024w, https:\/\/toscaneria.hu\/wp-content\/uploads\/2024\/08\/Sorano-1-768x576.jpg 768w, https:\/\/toscaneria.hu\/wp-content\/uploads\/2024\/08\/Sorano-1-600x450.jpg 600w, https:\/\/toscaneria.hu\/wp-content\/uploads\/2024\/08\/Sorano-1.jpg 1451w\" sizes=\"(max-width: 300px) 100vw, 300px\" \/><\/a>\n\t\t\t<\/dt>\n\t\t\t\t<dd class='wp-caption-text gallery-caption' id='gallery-1-18095'>\n\t\t\t\tSorano\n\t\t\t\t<\/dd><\/dl><br style=\"clear: both\" \/><dl class='gallery-item'>\n\t\t\t<dt class='gallery-icon landscape'>\n\t\t\t\t<a data-elementor-open-lightbox=\"yes\" data-elementor-lightbox-slideshow=\"a1751e1\" data-elementor-lightbox-title=\"Pisa\" data-e-action-hash=\"#elementor-action%3Aaction%3Dlightbox%26settings%3DeyJpZCI6MTgxMDgsInVybCI6Imh0dHBzOlwvXC90b3NjYW5lcmlhLmh1XC93cC1jb250ZW50XC91cGxvYWRzXC8yMDI0XC8wOFwvUGlzYS0xLmpwZyIsInNsaWRlc2hvdyI6ImExNzUxZTEifQ%3D%3D\" href='https:\/\/toscaneria.hu\/wp-content\/uploads\/2024\/08\/Pisa-1.jpg'><img loading=\"lazy\" decoding=\"async\" width=\"300\" height=\"225\" src=\"https:\/\/toscaneria.hu\/wp-content\/uploads\/2024\/08\/Pisa-1-300x225.jpg\" class=\"attachment-medium size-medium\" alt=\"\" aria-describedby=\"gallery-1-18108\" srcset=\"https:\/\/toscaneria.hu\/wp-content\/uploads\/2024\/08\/Pisa-1-300x225.jpg 300w, https:\/\/toscaneria.hu\/wp-content\/uploads\/2024\/08\/Pisa-1-1024x768.jpg 1024w, https:\/\/toscaneria.hu\/wp-content\/uploads\/2024\/08\/Pisa-1-768x576.jpg 768w, https:\/\/toscaneria.hu\/wp-content\/uploads\/2024\/08\/Pisa-1-600x450.jpg 600w, https:\/\/toscaneria.hu\/wp-content\/uploads\/2024\/08\/Pisa-1.jpg 1411w\" sizes=\"(max-width: 300px) 100vw, 300px\" \/><\/a>\n\t\t\t<\/dt>\n\t\t\t\t<dd class='wp-caption-text gallery-caption' id='gallery-1-18108'>\n\t\t\t\tPisa\n\t\t\t\t<\/dd><\/dl><dl class='gallery-item'>\n\t\t\t<dt class='gallery-icon landscape'>\n\t\t\t\t<a data-elementor-open-lightbox=\"yes\" data-elementor-lightbox-slideshow=\"a1751e1\" data-elementor-lightbox-title=\"Siena\" data-e-action-hash=\"#elementor-action%3Aaction%3Dlightbox%26settings%3DeyJpZCI6MTgxMTAsInVybCI6Imh0dHBzOlwvXC90b3NjYW5lcmlhLmh1XC93cC1jb250ZW50XC91cGxvYWRzXC8yMDI0XC8wOFwvU2llbmEtMS5qcGciLCJzbGlkZXNob3ciOiJhMTc1MWUxIn0%3D\" href='https:\/\/toscaneria.hu\/wp-content\/uploads\/2024\/08\/Siena-1.jpg'><img loading=\"lazy\" decoding=\"async\" width=\"300\" height=\"225\" src=\"https:\/\/toscaneria.hu\/wp-content\/uploads\/2024\/08\/Siena-1-300x225.jpg\" class=\"attachment-medium size-medium\" alt=\"\" aria-describedby=\"gallery-1-18110\" srcset=\"https:\/\/toscaneria.hu\/wp-content\/uploads\/2024\/08\/Siena-1-300x225.jpg 300w, https:\/\/toscaneria.hu\/wp-content\/uploads\/2024\/08\/Siena-1-1024x768.jpg 1024w, https:\/\/toscaneria.hu\/wp-content\/uploads\/2024\/08\/Siena-1-768x576.jpg 768w, https:\/\/toscaneria.hu\/wp-content\/uploads\/2024\/08\/Siena-1-600x450.jpg 600w, https:\/\/toscaneria.hu\/wp-content\/uploads\/2024\/08\/Siena-1.jpg 1411w\" sizes=\"(max-width: 300px) 100vw, 300px\" \/><\/a>\n\t\t\t<\/dt>\n\t\t\t\t<dd class='wp-caption-text gallery-caption' id='gallery-1-18110'>\n\t\t\t\tSiena\n\t\t\t\t<\/dd><\/dl><dl class='gallery-item'>\n\t\t\t<dt class='gallery-icon landscape'>\n\t\t\t\t<a data-elementor-open-lightbox=\"yes\" data-elementor-lightbox-slideshow=\"a1751e1\" data-elementor-lightbox-title=\"Firenze\" data-e-action-hash=\"#elementor-action%3Aaction%3Dlightbox%26settings%3DeyJpZCI6MTgxMTYsInVybCI6Imh0dHBzOlwvXC90b3NjYW5lcmlhLmh1XC93cC1jb250ZW50XC91cGxvYWRzXC8yMDI0XC8wOFwvRmlyZW56ZS0xLmpwZyIsInNsaWRlc2hvdyI6ImExNzUxZTEifQ%3D%3D\" href='https:\/\/toscaneria.hu\/wp-content\/uploads\/2024\/08\/Firenze-1.jpg'><img loading=\"lazy\" decoding=\"async\" width=\"300\" height=\"225\" src=\"https:\/\/toscaneria.hu\/wp-content\/uploads\/2024\/08\/Firenze-1-300x225.jpg\" class=\"attachment-medium size-medium\" alt=\"\" aria-describedby=\"gallery-1-18116\" srcset=\"https:\/\/toscaneria.hu\/wp-content\/uploads\/2024\/08\/Firenze-1-300x225.jpg 300w, https:\/\/toscaneria.hu\/wp-content\/uploads\/2024\/08\/Firenze-1-1024x768.jpg 1024w, https:\/\/toscaneria.hu\/wp-content\/uploads\/2024\/08\/Firenze-1-768x576.jpg 768w, https:\/\/toscaneria.hu\/wp-content\/uploads\/2024\/08\/Firenze-1-600x450.jpg 600w, https:\/\/toscaneria.hu\/wp-content\/uploads\/2024\/08\/Firenze-1.jpg 1411w\" sizes=\"(max-width: 300px) 100vw, 300px\" \/><\/a>\n\t\t\t<\/dt>\n\t\t\t\t<dd class='wp-caption-text gallery-caption' id='gallery-1-18116'>\n\t\t\t\tFirenze\n\t\t\t\t<\/dd><\/dl><br style=\"clear: both\" \/>\n\t\t<\/div>\n\t\t<\/div>\n\t\t\t\t\t\t<\/div>\n\t\t\t\t<\/div>\n\t\t\t\t\t<\/div>\n\t\t<\/div>\n\t\t\t\t\t<\/div>\n\t\t<\/section>\n\t\t\t\t<section class=\"elementor-section elementor-top-section elementor-element elementor-element-68ef609 elementor-section-boxed elementor-section-height-default elementor-section-height-default qodef-elementor-content-no\" data-id=\"68ef609\" data-element_type=\"section\" data-e-type=\"section\">\n\t\t\t\t\t\t<div class=\"elementor-container elementor-column-gap-default\">\n\t\t\t\t\t<div class=\"elementor-column elementor-col-100 elementor-top-column elementor-element elementor-element-801f170\" data-id=\"801f170\" data-element_type=\"column\" data-e-type=\"column\">\n\t\t\t<div class=\"elementor-widget-wrap\">\n\t\t\t\t\t\t\t<\/div>\n\t\t<\/div>\n\t\t\t\t\t<\/div>\n\t\t<\/section>\n\t\t\t\t<\/div>\n\t\t","protected":false},"excerpt":{"rendered":"<p>Toszk\u00e1na gazdag t\u00f6rt\u00e9nelme t\u00f6bb ezer \u00e9vre ny\u00falik vissza. A t\u00e1j dombjai, v\u00e1rosai \u00e9s falvai az etruszk civiliz\u00e1ci\u00f3 b\u00f6lcs\u0151j\u00e9b\u0151l emelkedtek ki, \u00e9s az id\u0151k sor\u00e1n sz\u00e1mos nagyhatalom hagyta rajta k\u00e9zjegy\u00e9t. Most v\u00e9gigkalauzolunk azokon a korszakokon, amelyek Toszk\u00e1n\u00e1t azz\u00e1 tett\u00e9k, ami ma: Olaszorsz\u00e1g egyik legmeghat\u00e1roz\u00f3bb kultur\u00e1lis \u00e9s t\u00f6rt\u00e9nelmi r\u00e9gi\u00f3j\u00e1v\u00e1. Az etruszkok nyom\u00e1ban A r\u00f3maiak Tusci vagy Etrusci [&hellip;]<\/p>\n","protected":false},"author":1,"featured_media":18069,"comment_status":"closed","ping_status":"closed","sticky":false,"template":"","format":"standard","meta":{"footnotes":""},"categories":[1],"tags":[],"class_list":["post-18068","post","type-post","status-publish","format-standard","has-post-thumbnail","hentry","category-magazin"],"_links":{"self":[{"href":"https:\/\/toscaneria.hu\/en\/wp-json\/wp\/v2\/posts\/18068","targetHints":{"allow":["GET"]}}],"collection":[{"href":"https:\/\/toscaneria.hu\/en\/wp-json\/wp\/v2\/posts"}],"about":[{"href":"https:\/\/toscaneria.hu\/en\/wp-json\/wp\/v2\/types\/post"}],"author":[{"embeddable":true,"href":"https:\/\/toscaneria.hu\/en\/wp-json\/wp\/v2\/users\/1"}],"replies":[{"embeddable":true,"href":"https:\/\/toscaneria.hu\/en\/wp-json\/wp\/v2\/comments?post=18068"}],"version-history":[{"count":25,"href":"https:\/\/toscaneria.hu\/en\/wp-json\/wp\/v2\/posts\/18068\/revisions"}],"predecessor-version":[{"id":20460,"href":"https:\/\/toscaneria.hu\/en\/wp-json\/wp\/v2\/posts\/18068\/revisions\/20460"}],"wp:featuredmedia":[{"embeddable":true,"href":"https:\/\/toscaneria.hu\/en\/wp-json\/wp\/v2\/media\/18069"}],"wp:attachment":[{"href":"https:\/\/toscaneria.hu\/en\/wp-json\/wp\/v2\/media?parent=18068"}],"wp:term":[{"taxonomy":"category","embeddable":true,"href":"https:\/\/toscaneria.hu\/en\/wp-json\/wp\/v2\/categories?post=18068"},{"taxonomy":"post_tag","embeddable":true,"href":"https:\/\/toscaneria.hu\/en\/wp-json\/wp\/v2\/tags?post=18068"}],"curies":[{"name":"wp","href":"https:\/\/api.w.org\/{rel}","templated":true}]}}