{"id":18121,"date":"2024-08-23T15:35:43","date_gmt":"2024-08-23T15:35:43","guid":{"rendered":"https:\/\/toscaneria.hu\/?p=18121"},"modified":"2026-03-21T21:48:27","modified_gmt":"2026-03-21T21:48:27","slug":"bemutatkozik-a-busatti-furmint-design-kiallitas","status":"publish","type":"post","link":"https:\/\/toscaneria.hu\/en\/bemutatkozik-a-busatti-furmint-design-kiallitas\/","title":{"rendered":"Bemutatkozik a Busatti Furmint Design Ki\u00e1ll\u00edt\u00e1s"},"content":{"rendered":"\t\t<div data-elementor-type=\"wp-post\" data-elementor-id=\"18121\" class=\"elementor elementor-18121\">\n\t\t\t\t\t\t<section class=\"elementor-section elementor-top-section elementor-element elementor-element-1318faa elementor-section-boxed elementor-section-height-default elementor-section-height-default qodef-elementor-content-no\" data-id=\"1318faa\" data-element_type=\"section\" data-e-type=\"section\">\n\t\t\t\t\t\t<div class=\"elementor-container elementor-column-gap-default\">\n\t\t\t\t\t<div class=\"elementor-column elementor-col-100 elementor-top-column elementor-element elementor-element-49e4a93\" data-id=\"49e4a93\" data-element_type=\"column\" data-e-type=\"column\">\n\t\t\t<div class=\"elementor-widget-wrap elementor-element-populated\">\n\t\t\t\t\t\t<div class=\"elementor-element elementor-element-2806496 elementor-widget elementor-widget-text-editor\" data-id=\"2806496\" data-element_type=\"widget\" data-e-type=\"widget\" data-widget_type=\"text-editor.default\">\n\t\t\t\t<div class=\"elementor-widget-container\">\n\t\t\t\t\t\t\t\t\t<p class=\"\" data-start=\"314\" data-end=\"495\">A <a href=\"https:\/\/aborfesztival.hu\/hu\/hirek\/bemutatkozik-a-busatti-furmint-design-cimu-kiallitas\" target=\"_blank\" rel=\"noopener\">Budapest Borfesztiv\u00e1l<\/a> tematikus t\u00e1rski\u00e1ll\u00edt\u00e1sak\u00e9nt 2024. szeptember 10-\u00e9n Budapesten, a sz\u00e9p V\u00e1rmegyE-Gal\u00e9ri\u00e1ban is bemutatkozott az egyedi Busatti Furmint design text\u00edli\u00e1nk.<\/p><p class=\"\" data-start=\"497\" data-end=\"812\">Ez a kollekci\u00f3 egy igazi sz\u00edvb\u0151l j\u00f6v\u0151 alkot\u00e1s: a <a href=\"https:\/\/toscaneria.hu\/kiss-henezi-guest-house-mad\/\" target=\"_blank\" rel=\"noopener\">Kiss-Hen\u00e9zi Guest House M\u00e1d<\/a> tulajdonosaival k\u00f6z\u00f6sen \u00e1lmodtuk meg, akik m\u00e1r \u00e9vek \u00f3ta kedves partnereink. A megval\u00f3sult mint\u00e1zatot a <a href=\"https:\/\/toscaneria.hu\/busatti\/\" target=\"_blank\" rel=\"noopener\">Busatti<\/a> m\u00e1rka hazai k\u00e9pviseletek\u00e9nt, saj\u00e1t terveink alapj\u00e1n, a Busatti csal\u00e1ddal k\u00f6z\u00f6sen k\u00e9sz\u00edtett\u00fck el.<\/p><p class=\"\" data-start=\"814\" data-end=\"1123\">Az els\u0151 kollekci\u00f3 l\u00e9trej\u00f6tt\u00e9ben n\u00e9gy kiemelked\u0151 Tokaj-Hegyaljai csal\u00e1di v\u00e1llalkoz\u00e1s vett r\u00e9szt: Kiss-Hen\u00e9zi Guest House M\u00e1d. Adrienne Deluxe, Demetervin Pinc\u00e9szet, Harangsz\u00f3 Vend\u00e9gh\u00e1z M\u00e1d. \u00a0Mindannyian sz\u00edv\u00fcgy\u00fcknek tekintik Tokaj-Hegyalja \u00e9rt\u00e9keinek meg\u0151rz\u00e9s\u00e9t \u00e9s tov\u00e1bbad\u00e1s\u00e1t.<\/p><h3 class=\"\" data-start=\"1125\" data-end=\"1160\">Egy k\u00fcl\u00f6nleges textil sz\u00fclet\u00e9se<\/h3><p class=\"\" data-start=\"1162\" data-end=\"1509\">A Busatti Furmint Design Toszk\u00e1na fest\u0151i sz\u00e9ps\u00e9g\u00e9t \u00e9s a furmint sz\u0151l\u0151 egyedis\u00e9g\u00e9t \u00f6tv\u00f6zi.\u00a0<\/p><p class=\"\" data-start=\"1511\" data-end=\"1977\">Az eleg\u00e1ns, sz\u00e1lfestett, k\u00e9zm\u0171ves sz\u00f6vet\u00a0\u00f3arany \u00e9s pasztellk\u00e9k sz\u00ednben k\u00e9sz\u00fclt. A text\u00edlia lehet\u0151s\u00e9gei szinte v\u00e9gtelenek: klasszikus asztalter\u00edt\u0151k, lakberendez\u00e9si kieg\u00e9sz\u00edt\u0151k, de ak\u00e1r exkluz\u00edv designer term\u00e9kek is k\u00e9sz\u00fclhetnek bel\u0151le.\u00a0<\/p><p class=\"\" data-start=\"1979\" data-end=\"2084\">Tov\u00e1bbi inform\u00e1ci\u00f3 a projektr\u0151l: <a class=\"\" href=\"https:\/\/toscaneria.hu\/teriteken-a-furmint\/\" target=\"_new\" rel=\"noopener\" data-start=\"2019\" data-end=\"2084\">Ter\u00edt\u00e9ken a furmint<\/a><\/p><hr class=\"\" data-start=\"2086\" data-end=\"2089\" \/><h3 class=\"\" data-start=\"2091\" data-end=\"2116\">A ki\u00e1ll\u00edt\u00e1s \u00e1llom\u00e1sai<\/h3><h4 class=\"\" data-start=\"2118\" data-end=\"2169\"><strong data-start=\"2126\" data-end=\"2169\">1. \u00e1llom\u00e1s \u2013 Budapest, V\u00e1rmegyE-Gal\u00e9ria<\/strong><\/h4><p class=\"\" data-start=\"2170\" data-end=\"2287\">Budapest Borfesztiv\u00e1l partnerrendezv\u00e9nyek\u00e9nt a kollekci\u00f3 els\u0151k\u00e9nt Budapesten mutatkozott be, st\u00edlusos k\u00f6rnyezetben.<\/p><h4 class=\"\" data-start=\"2289\" data-end=\"2346\"><strong data-start=\"2297\" data-end=\"2346\">2. \u00e1llom\u00e1s \u2013 Otti Manufactura, Sz\u00e9kesfeh\u00e9rv\u00e1r<\/strong><\/h4><p class=\"\" data-start=\"2347\" data-end=\"2598\">A ki\u00e1ll\u00edt\u00e1s szeptember v\u00e9g\u00e9n Sz\u00e9kesfeh\u00e9rv\u00e1rra, az <a href=\"https:\/\/toscaneria.hu\/texturak-talalkozasa-busatti-textiliaink-beepultek-az-otti-kovek-koze\/\" target=\"_blank\" rel=\"noopener\">Otti Manufactura<\/a> eleg\u00e1ns bemutat\u00f3term\u00e9be k\u00f6lt\u00f6z\u00f6tt, ahol 2024. okt\u00f3ber 7-ig volt megtekinthet\u0151. H\u00e1l\u00e1sak vagyunk, hogy r\u00e9g\u00f3ta partnereink, \u00e9s mindig nyitott sz\u00edvvel fogadj\u00e1k kezdem\u00e9nyez\u00e9seinket.<\/p><p class=\"\" data-start=\"2600\" data-end=\"2643\">Helysz\u00edn: Otti Manufactura<\/p><h4 class=\"\" data-start=\"2645\" data-end=\"2712\"><strong data-start=\"2653\" data-end=\"2712\">3. \u00e1llom\u00e1s \u2013 Tokaj Nobilis Sz\u0151l\u0151birtok, Bodrogkereszt\u00far<\/strong><\/h4><p class=\"\" data-start=\"2713\" data-end=\"3004\">Okt\u00f3ber 11-\u00e9n a ki\u00e1ll\u00edt\u00e1s \u00fajabb k\u00fcl\u00f6nleges helysz\u00ednre \u00e9rkezett: a <a href=\"https:\/\/tokajnobilis.hu\/\" target=\"_blank\" rel=\"noopener\">Tokaj Nobilis Sz\u0151l\u0151birtokra<\/a>, ahol B\u00e1rdos Sarolta, a 2024-es Bor\u00e1szok Bor\u00e1sza szem\u00e9lyesen fogadta a Busatti Furmint term\u00e9keket. A t\u00e1rlat egy h\u00e9ten \u00e1t volt l\u00e1that\u00f3, a Mindszenthavi Mulats\u00e1g el\u0151est\u00e9j\u00e9n nyitotta meg kapuit.<\/p><p class=\"\" data-start=\"3006\" data-end=\"3046\">Helysz\u00edn: Tokaj Nobilis<\/p><h4 class=\"\" data-start=\"3048\" data-end=\"3106\"><strong data-start=\"3056\" data-end=\"3093\">4. \u00e1llom\u00e1s \u2013 Andr\u00e1ssy K\u00faria &amp; Spa<\/strong>***, Tarcal**<\/h4><p class=\"\" data-start=\"3107\" data-end=\"3447\">Az utaz\u00f3 ki\u00e1ll\u00edt\u00e1s okt\u00f3ber 22-\u00e9n \u00e9rkezett meg a Tarcalon tal\u00e1lhat\u00f3 \u00f6tcsillagos <strong>Andr\u00e1ssy K\u00fari\u00e1<\/strong>ba, amely a r\u00e9gi\u00f3 egyetlen Michelin aj\u00e1nlott \u00e9tterm\u00e9nek is otthont ad. Tavasszal, a <a href=\"https:\/\/toscaneria.hu\/magyar-kastelyszallodak-szovetsegenek-partnerei-lettunk\/\" target=\"_blank\" rel=\"noopener\">Magyar Kast\u00e9lysz\u00e1llod\u00e1k Sz\u00f6vets\u00e9g\u00e9vel<\/a> egy\u00fctt mi is megtapasztalhattuk vend\u00e9gszeretet\u00fcket, \u00edgy \u00f6r\u00f6mmel t\u00f6lt el benn\u00fcnket, hogy a k\u00faria eleg\u00e1ns szalonj\u00e1ban kapott helyet a Busatti Furmint design kollekci\u00f3.<\/p><p class=\"\" data-start=\"3449\" data-end=\"3490\">Helysz\u00edn: Andr\u00e1ssy K\u00faria<\/p><p class=\"\" data-start=\"3630\" data-end=\"3735\">\u00a0<\/p>\t\t\t\t\t\t\t\t<\/div>\n\t\t\t\t<\/div>\n\t\t\t\t\t<\/div>\n\t\t<\/div>\n\t\t\t\t\t<\/div>\n\t\t<\/section>\n\t\t\t\t<section class=\"elementor-section elementor-top-section elementor-element elementor-element-68ef609 elementor-section-boxed elementor-section-height-default elementor-section-height-default qodef-elementor-content-no\" data-id=\"68ef609\" data-element_type=\"section\" data-e-type=\"section\">\n\t\t\t\t\t\t<div class=\"elementor-container elementor-column-gap-default\">\n\t\t\t\t\t<div class=\"elementor-column elementor-col-100 elementor-top-column elementor-element elementor-element-801f170\" data-id=\"801f170\" data-element_type=\"column\" data-e-type=\"column\">\n\t\t\t<div class=\"elementor-widget-wrap\">\n\t\t\t\t\t\t\t<\/div>\n\t\t<\/div>\n\t\t\t\t\t<\/div>\n\t\t<\/section>\n\t\t\t\t<\/div>\n\t\t","protected":false},"excerpt":{"rendered":"<p>T\u00f6rt\u00e9nelmi borvid\u00e9k\u00fcnk elismer\u00e9sek\u00e9nt sz\u00fcletett meg az a textil kollekci\u00f3, amelyben Toszk\u00e1na fest\u0151i sz\u00e9ps\u00e9ge a furmint sz\u0151l\u0151 egyedis\u00e9g\u00e9vel fon\u00f3dik \u00f6ssze. A Budapest Borfesztiv\u00e1l t\u00e1rski\u00e1ll\u00edt\u00e1sak\u00e9nt bemutatkozik a Busatti Furmint design. <\/p>\n","protected":false},"author":1,"featured_media":18122,"comment_status":"closed","ping_status":"closed","sticky":false,"template":"","format":"standard","meta":{"footnotes":""},"categories":[1],"tags":[],"class_list":["post-18121","post","type-post","status-publish","format-standard","has-post-thumbnail","hentry","category-magazin"],"_links":{"self":[{"href":"https:\/\/toscaneria.hu\/en\/wp-json\/wp\/v2\/posts\/18121","targetHints":{"allow":["GET"]}}],"collection":[{"href":"https:\/\/toscaneria.hu\/en\/wp-json\/wp\/v2\/posts"}],"about":[{"href":"https:\/\/toscaneria.hu\/en\/wp-json\/wp\/v2\/types\/post"}],"author":[{"embeddable":true,"href":"https:\/\/toscaneria.hu\/en\/wp-json\/wp\/v2\/users\/1"}],"replies":[{"embeddable":true,"href":"https:\/\/toscaneria.hu\/en\/wp-json\/wp\/v2\/comments?post=18121"}],"version-history":[{"count":82,"href":"https:\/\/toscaneria.hu\/en\/wp-json\/wp\/v2\/posts\/18121\/revisions"}],"predecessor-version":[{"id":20456,"href":"https:\/\/toscaneria.hu\/en\/wp-json\/wp\/v2\/posts\/18121\/revisions\/20456"}],"wp:featuredmedia":[{"embeddable":true,"href":"https:\/\/toscaneria.hu\/en\/wp-json\/wp\/v2\/media\/18122"}],"wp:attachment":[{"href":"https:\/\/toscaneria.hu\/en\/wp-json\/wp\/v2\/media?parent=18121"}],"wp:term":[{"taxonomy":"category","embeddable":true,"href":"https:\/\/toscaneria.hu\/en\/wp-json\/wp\/v2\/categories?post=18121"},{"taxonomy":"post_tag","embeddable":true,"href":"https:\/\/toscaneria.hu\/en\/wp-json\/wp\/v2\/tags?post=18121"}],"curies":[{"name":"wp","href":"https:\/\/api.w.org\/{rel}","templated":true}]}}