{"id":19576,"date":"2025-04-22T15:57:49","date_gmt":"2025-04-22T15:57:49","guid":{"rendered":"https:\/\/toscaneria.hu\/?p=19576"},"modified":"2026-03-21T19:38:44","modified_gmt":"2026-03-21T19:38:44","slug":"busatti-olasz-elegancia-ket-rangos-hazai-kiadvanyban","status":"publish","type":"post","link":"https:\/\/toscaneria.hu\/en\/busatti-olasz-elegancia-ket-rangos-hazai-kiadvanyban\/","title":{"rendered":"Busatti, olasz elegancia k\u00e9t rangos hazai kiadv\u00e1nyban &#8211; Elle Decoration \u00e9s Orsz\u00e1g\u00e9p\u00edt\u0151"},"content":{"rendered":"\t\t<div data-elementor-type=\"wp-post\" data-elementor-id=\"19576\" class=\"elementor elementor-19576\">\n\t\t\t\t\t\t<section class=\"elementor-section elementor-top-section elementor-element elementor-element-1318faa elementor-section-boxed elementor-section-height-default elementor-section-height-default qodef-elementor-content-no\" data-id=\"1318faa\" data-element_type=\"section\" data-e-type=\"section\">\n\t\t\t\t\t\t<div class=\"elementor-container elementor-column-gap-default\">\n\t\t\t\t\t<div class=\"elementor-column elementor-col-100 elementor-top-column elementor-element elementor-element-49e4a93\" data-id=\"49e4a93\" data-element_type=\"column\" data-e-type=\"column\">\n\t\t\t<div class=\"elementor-widget-wrap elementor-element-populated\">\n\t\t\t\t\t\t<div class=\"elementor-element elementor-element-2806496 elementor-widget elementor-widget-text-editor\" data-id=\"2806496\" data-element_type=\"widget\" data-e-type=\"widget\" data-widget_type=\"text-editor.default\">\n\t\t\t\t<div class=\"elementor-widget-container\">\n\t\t\t\t\t\t\t\t\t<p>\u00d6r\u00f6mmel osztjuk meg, hogy nemr\u00e9g k\u00e9t rangos kiadv\u00e1ny is bemutatta a <a href=\"https:\/\/toscaneria.hu\/busatti\/\">Busatti<\/a> text\u00edli\u00e1inkat v \u2013 meger\u0151s\u00edtve, hogy az olasz k\u00e9zm\u0171vess\u00e9g id\u0151t\u00e1ll\u00f3 \u00e9rt\u00e9kei \u00e9s a Toszk\u00e1n\u00e1b\u00f3l hozott inspir\u00e1ci\u00f3k m\u00e9lt\u00f3 helyet foglalnak el Magyarorsz\u00e1gon is.<\/p><p>Az <a href=\"https:\/\/elle.hu\/decor\" target=\"_blank\" rel=\"noopener\">Elle Decoration<\/a> 2025 febru\u00e1r\u2013m\u00e1rciusi lapsz\u00e1m\u00e1ban <em>Miniinterj\u00fa<\/em> jelent meg vel\u00fcnk. A besz\u00e9lget\u00e9s k\u00f6z\u00e9ppontj\u00e1ban az \u00e1llt, hogyan hoztuk el Toszk\u00e1na m\u00e9rhetetlen sz\u00e9ps\u00e9g\u00e9t Magyarorsz\u00e1gra, \u00e9s hogyan k\u00f6zvet\u00edtj\u00fck ezt az \u00e9let\u00e9rz\u00e9st t\u00f6bbek k\u00f6z\u00f6tt a Busatti text\u00edli\u00e1kon kereszt\u00fcl. A cikk bemutatta a Busatti m\u00e1rka k\u00f6zel k\u00e9t \u00e9vsz\u00e1zados t\u00f6rt\u00e9net\u00e9t, m\u00e9ly toszk\u00e1n gy\u00f6kereit, valamint k\u00fcl\u00f6nleges nemzetk\u00f6zi \u00e9s magyar egy\u00fcttm\u0171k\u00f6d\u00e9seit \u2013 k\u00f6zt\u00fck a <a href=\"https:\/\/toscaneria.hu\/megerkeztunk-az-unicum-szivebe\/\">Zwack csal\u00e1d tisztelet\u00e9re<\/a> \u00e9s a <a href=\"https:\/\/toscaneria.hu\/busatti-sisi-kollekcioval-gazdagodott-a-godolloi-kiralyi-kastely-diszterme\/\">G\u00f6d\u00f6ll\u0151i Kir\u00e1lyi Kast\u00e9ly<\/a> sz\u00e1m\u00e1ra k\u00e9sz\u00fclt kollekci\u00f3kat.<\/p><p>Az <a href=\"https:\/\/orszagepito.net\/\" target=\"_blank\" rel=\"noopener\">Orsz\u00e1g\u00e9p\u00edt\u0151<\/a> foly\u00f3irat 2024\/4-es lapsz\u00e1ma <em>\u201eMesterh\u00e1rmas: hagyom\u00e1ny, innov\u00e1ci\u00f3, alkot\u00e1s\u201d<\/em> c\u00edmmel k\u00f6z\u00f6lt r\u00e9szletes bemutat\u00f3t a Busatti m\u00e1rk\u00e1r\u00f3l, k\u00fcl\u00f6n kiemelve a trad\u00edci\u00f3 \u00e9s a modern fejl\u0151d\u00e9s egys\u00e9g\u00e9t. A cikk felid\u00e9zte a m\u00e1rka t\u00f6rt\u00e9net\u00e9t Anghiari v\u00e1ros\u00e1b\u00f3l, valamint bemutatta a term\u00e9szetes anyagokra, fenntarthat\u00f3s\u00e1gra \u00e9s k\u00e9zm\u0171vess\u00e9gre \u00e9p\u00fcl\u0151 \u00e9rt\u00e9krendet. A foly\u00f3irat has\u00e1bjain deb\u00fct\u00e1lt a <a href=\"https:\/\/toscaneria.hu\/teriteken-a-furmint\/\">Busatti Furmint kollekci\u00f3<\/a>, amely a Tokaji borvid\u00e9k \u00e9s Toszk\u00e1na szellemis\u00e9g\u00e9t egyes\u00edti egyed\u00fcl\u00e1ll\u00f3 text\u00edli\u00e1ban.<\/p><p>Ezek a megjelen\u00e9sek sz\u00e1munkra nem csup\u00e1n megtiszteltet\u00e9sek, hanem \u00fajabb inspir\u00e1ci\u00f3k is, hogy Toszk\u00e1na sz\u00e9ps\u00e9geit hitelesen \u00e9s szeretettel k\u00f6zvet\u00edthess\u00fck.<\/p>\t\t\t\t\t\t\t\t<\/div>\n\t\t\t\t<\/div>\n\t\t\t\t\t<\/div>\n\t\t<\/div>\n\t\t\t\t\t<\/div>\n\t\t<\/section>\n\t\t\t\t<section class=\"elementor-section elementor-top-section elementor-element elementor-element-e121f54 elementor-section-boxed elementor-section-height-default elementor-section-height-default qodef-elementor-content-no\" data-id=\"e121f54\" data-element_type=\"section\" data-e-type=\"section\">\n\t\t\t\t\t\t<div class=\"elementor-container elementor-column-gap-default\">\n\t\t\t\t\t<div class=\"elementor-column elementor-col-100 elementor-top-column elementor-element elementor-element-3c41a91\" data-id=\"3c41a91\" data-element_type=\"column\" data-e-type=\"column\">\n\t\t\t<div class=\"elementor-widget-wrap\">\n\t\t\t\t\t\t\t<\/div>\n\t\t<\/div>\n\t\t\t\t\t<\/div>\n\t\t<\/section>\n\t\t\t\t<\/div>\n\t\t","protected":false},"excerpt":{"rendered":"<p>\u00d6r\u00f6mmel osztjuk meg, hogy nemr\u00e9g k\u00e9t rangos kiadv\u00e1ny is bemutatta a Busatti text\u00edli\u00e1inkat v \u2013 meger\u0151s\u00edtve, hogy az olasz k\u00e9zm\u0171vess\u00e9g id\u0151t\u00e1ll\u00f3 \u00e9rt\u00e9kei \u00e9s a Toszk\u00e1n\u00e1b\u00f3l hozott inspir\u00e1ci\u00f3k m\u00e9lt\u00f3 helyet foglalnak el Magyarorsz\u00e1gon is. Az Elle Decoration 2025 febru\u00e1r\u2013m\u00e1rciusi lapsz\u00e1m\u00e1ban Miniinterj\u00fa jelent meg vel\u00fcnk. A besz\u00e9lget\u00e9s k\u00f6z\u00e9ppontj\u00e1ban az \u00e1llt, hogyan hoztuk el Toszk\u00e1na m\u00e9rhetetlen sz\u00e9ps\u00e9g\u00e9t Magyarorsz\u00e1gra, [&hellip;]<\/p>\n","protected":false},"author":1,"featured_media":19591,"comment_status":"closed","ping_status":"closed","sticky":false,"template":"","format":"standard","meta":{"footnotes":""},"categories":[1],"tags":[],"class_list":["post-19576","post","type-post","status-publish","format-standard","has-post-thumbnail","hentry","category-magazin"],"_links":{"self":[{"href":"https:\/\/toscaneria.hu\/en\/wp-json\/wp\/v2\/posts\/19576","targetHints":{"allow":["GET"]}}],"collection":[{"href":"https:\/\/toscaneria.hu\/en\/wp-json\/wp\/v2\/posts"}],"about":[{"href":"https:\/\/toscaneria.hu\/en\/wp-json\/wp\/v2\/types\/post"}],"author":[{"embeddable":true,"href":"https:\/\/toscaneria.hu\/en\/wp-json\/wp\/v2\/users\/1"}],"replies":[{"embeddable":true,"href":"https:\/\/toscaneria.hu\/en\/wp-json\/wp\/v2\/comments?post=19576"}],"version-history":[{"count":23,"href":"https:\/\/toscaneria.hu\/en\/wp-json\/wp\/v2\/posts\/19576\/revisions"}],"predecessor-version":[{"id":20426,"href":"https:\/\/toscaneria.hu\/en\/wp-json\/wp\/v2\/posts\/19576\/revisions\/20426"}],"wp:featuredmedia":[{"embeddable":true,"href":"https:\/\/toscaneria.hu\/en\/wp-json\/wp\/v2\/media\/19591"}],"wp:attachment":[{"href":"https:\/\/toscaneria.hu\/en\/wp-json\/wp\/v2\/media?parent=19576"}],"wp:term":[{"taxonomy":"category","embeddable":true,"href":"https:\/\/toscaneria.hu\/en\/wp-json\/wp\/v2\/categories?post=19576"},{"taxonomy":"post_tag","embeddable":true,"href":"https:\/\/toscaneria.hu\/en\/wp-json\/wp\/v2\/tags?post=19576"}],"curies":[{"name":"wp","href":"https:\/\/api.w.org\/{rel}","templated":true}]}}