{"id":9762,"date":"2022-02-10T04:43:21","date_gmt":"2022-02-10T04:43:21","guid":{"rendered":"https:\/\/toscaneria.honlapkeszites.cc\/2022\/02\/10\/kiemelt-partnerunk-graefl-kastely\/"},"modified":"2026-03-22T10:23:49","modified_gmt":"2026-03-22T10:23:49","slug":"kiemelt-partnerunk-graefl-kastely","status":"publish","type":"post","link":"https:\/\/toscaneria.hu\/en\/kiemelt-partnerunk-graefl-kastely\/","title":{"rendered":"Kiemelt Partner\u00fcnk: Graefl-kast\u00e9ly"},"content":{"rendered":"<p class=\"\" data-start=\"301\" data-end=\"368\"><strong data-start=\"301\" data-end=\"368\">Szecesszi\u00f3, t\u00f6rt\u00e9nelem \u00e9s toszk\u00e1n elegancia a K\u00e9t\u00fatk\u00f6z sz\u00edv\u00e9ben<\/strong><\/p>\n<p class=\"\" data-start=\"370\" data-end=\"663\">A k\u00e9t\u00fatk\u00f6zi <a href=\"https:\/\/graefl.hu\/\" target=\"_blank\" rel=\"noopener\">Graefl-kast\u00e9llyal <\/a>Magyarorsz\u00e1g egyetlen, vid\u00e9ken megmaradt szecesszi\u00f3s kast\u00e9lya 1906 \u00e9s 1911 k\u00f6z\u00f6tt \u00e9p\u00fclt, \u00e9s \u00e9vtizedeken \u00e1t aludta Csipker\u00f3zsika-\u00e1lm\u00e1t \u2013 m\u00edg nem h\u00e9t \u00e9vvel ezel\u0151tt szenved\u00e9lyes \u00e9s elhivatott tulajdonosai \u00fagy d\u00f6nt\u00f6ttek: ideje fel\u00e9breszteni ezt a sz\u00e9ps\u00e9get.<\/p>\n<p>A kast\u00e9ly fel\u00faj\u00edt\u00e1sa az\u00f3ta is leny\u0171g\u00f6z\u0151 gondoss\u00e1ggal zajlik:<br data-start=\"949\" data-end=\"952\" \/>\u00a0&#8211; korh\u0171 technik\u00e1kkal<br data-start=\"977\" data-end=\"980\" \/>\u00a0&#8211; eredeti \u00e9p\u00edt\u0151anyagokkal<br data-start=\"1010\" data-end=\"1013\" \/>\u00a0&#8211; m\u0171eml\u00e9kv\u00e9delmi szak\u00e9rt\u0151k \u00e9s restaur\u00e1torok bevon\u00e1s\u00e1val<br data-start=\"1073\" data-end=\"1076\" \/>\u00a0&#8211; a szecesszi\u00f3 m\u00e9lt\u00f3s\u00e1g\u00e1t tiszteletben tartva<\/p>\n<p class=\"\" data-start=\"1128\" data-end=\"1459\">A kast\u00e9ly k\u00fcls\u0151 \u00e9p\u00fcletei m\u00e1r r\u00e9gi pomp\u00e1jukban ragyognak, a bels\u0151 terek pedig fokozatosan nyerik vissza eredeti, hamis\u00edtatlan karakter\u00fcket. Ebbe az exkluz\u00edv vil\u00e1gba \u00e9p\u00fcltek be a <a href=\"https:\/\/toscaneria.hu\/busatti\/\" target=\"_blank\" rel=\"noopener\">Busatti <\/a>lak\u00e1stext\u00edli\u00e1k \u00e9s az <a href=\"https:\/\/toscaneria.hu\/idea-toscana\/\" target=\"_blank\" rel=\"noopener\">Idea Toscana<\/a> nat\u00farkozmetikumok is \u2013 j\u00f3l illeszkedve a term\u00e9szetes k\u00f6rnyezet sz\u00e9ps\u00e9g\u00e9hez \u00e9s kast\u00e9ly filoz\u00f3fi\u00e1j\u00e1hoz.<\/p>\n<p class=\"\" data-start=\"1461\" data-end=\"1755\">A kast\u00e9ly k\u00f6r\u00fcl elter\u00fcl\u0151 term\u00e9szetv\u00e9delmi ter\u00fclet \u00e9s biogazdas\u00e1g nemcsak gy\u00f6ny\u00f6r\u0171 l\u00e1tv\u00e1nyt ny\u00fajt, hanem helyi, \u00edzletes alapanyagokkal l\u00e1tja el a kast\u00e9ly fine dining \u00e9tterm\u00e9t. A vend\u00e9gek a pihen\u00e9s mellett k\u00f6zelebbr\u0151l is megismerhetik a fenntarthat\u00f3 gazd\u00e1lkod\u00e1s vil\u00e1g\u00e1t.<\/p>\n<p class=\"\" data-start=\"1757\" data-end=\"1986\">A birtokon:<br data-start=\"1768\" data-end=\"1771\" \/>\u00a0&#8211; vintage st\u00edlusban kialak\u00edtott luxus apartmanh\u00e1zak<br data-start=\"1827\" data-end=\"1830\" \/>\u00a0&#8211; komolyzenei hangversenyek \u00e9s irodalmi estek<br data-start=\"1880\" data-end=\"1883\" \/>\u00a0&#8211; gazdag vad- \u00e9s mad\u00e1rvil\u00e1g<br data-start=\"1916\" data-end=\"1919\" \/>\u00a0&#8211; \u00e9s a m\u00falt eleganci\u00e1j\u00e1t id\u00e9z\u0151 programok v\u00e1rj\u00e1k a l\u00e1togat\u00f3kat.<\/p>\n<p class=\"\" data-start=\"1988\" data-end=\"2198\">A Graefl-kast\u00e9ly tagja a Magyar Kast\u00e9lysz\u00e1llod\u00e1k \u00e9s T\u00f6rt\u00e9nelmi \u00c9p\u00fcletek Sz\u00f6vets\u00e9g\u00e9nek, valamint a Heritage Hotels of Europe h\u00e1l\u00f3zat\u00e1nak is \u2013 m\u00e9lt\u00f3 m\u00f3don k\u00e9pviselve a magyar \u00f6r\u00f6ks\u00e9get eur\u00f3pai szinten is.<\/p>\n<p class=\"\" data-start=\"2200\" data-end=\"2393\"><strong data-start=\"2203\" data-end=\"2216\">Helysz\u00edn:<\/strong> K\u00e9t\u00fatk\u00f6z, Graefl-kast\u00e9ly<br data-start=\"2241\" data-end=\"2244\" \/><strong data-start=\"2247\" data-end=\"2265\">K\u00e9pek forr\u00e1sa:<\/strong> Graefl-kast\u00e9ly<br data-start=\"2280\" data-end=\"2283\" \/><strong>Tov\u00e1bbi inform\u00e1ci\u00f3:<\/strong> a <a class=\"\" href=\"https:\/\/www.graeflmajor.hu\" target=\"_new\" rel=\"noopener\" data-start=\"2308\" data-end=\"2373\">Graefl-kast\u00e9ly hivatalos weboldal\u00e1n<\/a> \u00e9s Facebook-oldal\u00e1n<\/p>\n<p class=\"MsoNormal\" style=\"margin-bottom: 0.0001pt; line-height: normal; background-image: initial; background-position: initial; background-size: initial; background-repeat: initial; background-attachment: initial; background-origin: initial; background-clip: initial;\"><span style=\"font-size: 12pt; color: #050505;\"><span style=\"font-family: Tahoma;\">\u00a0<\/span><\/span><\/p>\n\n\n<figure class=\"wp-block-gallery has-nested-images columns-default is-cropped wp-block-gallery-1 is-layout-flex wp-block-gallery-is-layout-flex\">\n<figure class=\"wp-block-image size-large\"><img fetchpriority=\"high\" decoding=\"async\" width=\"375\" height=\"250\" data-id=\"9763\" src=\"https:\/\/katamarantura.hu\/wp-content\/uploads\/2022\/02\/Graefl-3-375x250-1.jpg\" alt=\"\" class=\"wp-image-9763\" srcset=\"https:\/\/toscaneria.hu\/wp-content\/uploads\/2022\/02\/Graefl-3-375x250-1.jpg 375w, https:\/\/toscaneria.hu\/wp-content\/uploads\/2022\/02\/Graefl-3-375x250-1-300x200.jpg 300w\" sizes=\"(max-width: 375px) 100vw, 375px\" \/><\/figure>\n\n\n\n<figure class=\"wp-block-image size-large\"><img decoding=\"async\" width=\"375\" height=\"250\" data-id=\"9764\" src=\"https:\/\/katamarantura.hu\/wp-content\/uploads\/2022\/02\/Graefl-6-375x250-1.jpg\" alt=\"\" class=\"wp-image-9764\" srcset=\"https:\/\/toscaneria.hu\/wp-content\/uploads\/2022\/02\/Graefl-6-375x250-1.jpg 375w, https:\/\/toscaneria.hu\/wp-content\/uploads\/2022\/02\/Graefl-6-375x250-1-300x200.jpg 300w\" sizes=\"(max-width: 375px) 100vw, 375px\" \/><\/figure>\n\n\n\n<figure class=\"wp-block-image size-large\"><img decoding=\"async\" width=\"375\" height=\"250\" data-id=\"9765\" src=\"https:\/\/katamarantura.hu\/wp-content\/uploads\/2022\/02\/Graefl-5-375x250-1.jpg\" alt=\"\" class=\"wp-image-9765\" srcset=\"https:\/\/toscaneria.hu\/wp-content\/uploads\/2022\/02\/Graefl-5-375x250-1.jpg 375w, https:\/\/toscaneria.hu\/wp-content\/uploads\/2022\/02\/Graefl-5-375x250-1-300x200.jpg 300w\" sizes=\"(max-width: 375px) 100vw, 375px\" \/><\/figure>\n<\/figure>\n\n\n\n<p><\/p>\n","protected":false},"excerpt":{"rendered":"<p>Szecesszi\u00f3, t\u00f6rt\u00e9nelem \u00e9s toszk\u00e1n elegancia a K\u00e9t\u00fatk\u00f6z sz\u00edv\u00e9ben A k\u00e9t\u00fatk\u00f6zi Graefl-kast\u00e9llyal Magyarorsz\u00e1g egyetlen, vid\u00e9ken megmaradt szecesszi\u00f3s kast\u00e9lya 1906 \u00e9s 1911 k\u00f6z\u00f6tt \u00e9p\u00fclt, \u00e9s \u00e9vtizedeken \u00e1t aludta Csipker\u00f3zsika-\u00e1lm\u00e1t \u2013 m\u00edg nem h\u00e9t \u00e9vvel ezel\u0151tt szenved\u00e9lyes \u00e9s elhivatott tulajdonosai \u00fagy d\u00f6nt\u00f6ttek: ideje fel\u00e9breszteni ezt a sz\u00e9ps\u00e9get. A kast\u00e9ly fel\u00faj\u00edt\u00e1sa az\u00f3ta is leny\u0171g\u00f6z\u0151 gondoss\u00e1ggal zajlik:\u00a0&#8211; korh\u0171 technik\u00e1kkal\u00a0&#8211; eredeti [&hellip;]<\/p>\n","protected":false},"author":1,"featured_media":9766,"comment_status":"closed","ping_status":"closed","sticky":false,"template":"","format":"standard","meta":{"footnotes":""},"categories":[1],"tags":[],"class_list":["post-9762","post","type-post","status-publish","format-standard","has-post-thumbnail","hentry","category-magazin"],"_links":{"self":[{"href":"https:\/\/toscaneria.hu\/en\/wp-json\/wp\/v2\/posts\/9762","targetHints":{"allow":["GET"]}}],"collection":[{"href":"https:\/\/toscaneria.hu\/en\/wp-json\/wp\/v2\/posts"}],"about":[{"href":"https:\/\/toscaneria.hu\/en\/wp-json\/wp\/v2\/types\/post"}],"author":[{"embeddable":true,"href":"https:\/\/toscaneria.hu\/en\/wp-json\/wp\/v2\/users\/1"}],"replies":[{"embeddable":true,"href":"https:\/\/toscaneria.hu\/en\/wp-json\/wp\/v2\/comments?post=9762"}],"version-history":[{"count":6,"href":"https:\/\/toscaneria.hu\/en\/wp-json\/wp\/v2\/posts\/9762\/revisions"}],"predecessor-version":[{"id":20510,"href":"https:\/\/toscaneria.hu\/en\/wp-json\/wp\/v2\/posts\/9762\/revisions\/20510"}],"wp:featuredmedia":[{"embeddable":true,"href":"https:\/\/toscaneria.hu\/en\/wp-json\/wp\/v2\/media\/9766"}],"wp:attachment":[{"href":"https:\/\/toscaneria.hu\/en\/wp-json\/wp\/v2\/media?parent=9762"}],"wp:term":[{"taxonomy":"category","embeddable":true,"href":"https:\/\/toscaneria.hu\/en\/wp-json\/wp\/v2\/categories?post=9762"},{"taxonomy":"post_tag","embeddable":true,"href":"https:\/\/toscaneria.hu\/en\/wp-json\/wp\/v2\/tags?post=9762"}],"curies":[{"name":"wp","href":"https:\/\/api.w.org\/{rel}","templated":true}]}}