{"id":9780,"date":"2022-02-10T04:36:21","date_gmt":"2022-02-10T04:36:21","guid":{"rendered":"https:\/\/toscaneria.honlapkeszites.cc\/2022\/02\/10\/top-5-ciprusut-toszkanaban-1-resz\/"},"modified":"2026-03-22T11:03:58","modified_gmt":"2026-03-22T11:03:58","slug":"top-5-ciprusut-toszkanaban-1-resz","status":"publish","type":"post","link":"https:\/\/toscaneria.hu\/en\/top-5-ciprusut-toszkanaban-1-resz\/","title":{"rendered":"Top 5 ciprus\u00fat Toszk\u00e1n\u00e1ban 1. r\u00e9sz"},"content":{"rendered":"<p class=\"\" data-start=\"264\" data-end=\"328\"><strong data-start=\"264\" data-end=\"328\">5 felejthetetlen helysz\u00edn, ahol a ciprusok mes\u00e9lnek a t\u00e1jr\u00f3l<\/strong><\/p>\n<p class=\"\" data-start=\"330\" data-end=\"670\">A ciprusok a toszk\u00e1n t\u00e1j elmaradhatatlan szerepl\u0151i \u2013 egyszerre eleg\u00e1nsak, id\u0151tlenek \u00e9s emblematikusak. Mintha \u00e9vsz\u00e1zadok \u00f3ta vigy\u00e1zn\u00e1k a f\u00f6ldet, az eget, a h\u00e1zakat. Olykor egy dombtet\u0151re vezet\u0151 \u00fat ment\u00e9n sorakoznak, m\u00e1skor egy mag\u00e1nyos facsoportk\u00e9nt emelkednek ki a t\u00e1jb\u00f3l \u2013 \u00e9s minden alkalommal k\u00e9peslapra k\u00edv\u00e1nkoz\u00f3 l\u00e1tv\u00e1nyt ny\u00fajtanak.<\/p>\n<p class=\"\" data-start=\"672\" data-end=\"843\">\u00d6sszegy\u0171jt\u00f6tt\u00fck Toszk\u00e1na \u00f6t legismertebb ciprussor\u00e1t, amelyek\u00e9rt \u00e9rdemes let\u00e9rni a megszokott \u00fatvonalakr\u00f3l.<\/p>\n<hr class=\"\" data-start=\"845\" data-end=\"848\" \/>\n<h3 class=\"\" data-start=\"850\" data-end=\"909\"><strong data-start=\"854\" data-end=\"907\">1. Poggio Covili ciprusai \u2013 Val d\u2019Orcia legend\u00e1ja<\/strong><\/h3>\n<p class=\"\" data-start=\"910\" data-end=\"1153\">A <strong data-start=\"912\" data-end=\"935\">Castiglione d\u2019Orcia<\/strong> ter\u00fclet\u00e9n, a h\u00edres <strong data-start=\"955\" data-end=\"985\">\u201ePoggio Covili\u201d farmh\u00e1zhoz<\/strong> vezet\u0151 \u00fat ment\u00e9n tal\u00e1lhat\u00f3 <strong data-start=\"1013\" data-end=\"1057\">Toszk\u00e1na egyik legikonikusabb ciprussora<\/strong>. Szimmetrikus sorban \u00e1ll\u00f3 f\u00e1k vezetik a szemet a dombtet\u0151re \u00e9p\u00fclt h\u00e1zhoz, fest\u0151i kompoz\u00edci\u00f3ban.<\/p>\n<p class=\"\" data-start=\"1155\" data-end=\"1198\"><strong data-start=\"1158\" data-end=\"1177\">GPS-koordin\u00e1ta:<\/strong> 43.024580, 11.638191<\/p>\n<hr class=\"\" data-start=\"1200\" data-end=\"1203\" \/>\n<h3 class=\"\" data-start=\"1205\" data-end=\"1264\"><strong data-start=\"1209\" data-end=\"1262\">2. Monticchiello ciprus\u00fat \u2013 A szerpentin sz\u00e9ps\u00e9ge<\/strong><\/h3>\n<p class=\"\" data-start=\"1265\" data-end=\"1485\">A <a href=\"https:\/\/toscaneria.hu\/pienza\/\" target=\"_blank\" rel=\"noopener\">Pienza<\/a><strong data-start=\"1267\" data-end=\"1301\"> \u00e9s Montepulciano k\u00f6z\u00f6tt<\/strong> vezet\u0151 \u00fat egyik kanyarulat\u00e1ban tal\u00e1lhat\u00f3 <strong data-start=\"1343\" data-end=\"1381\">Toszk\u00e1na legismertebb szerpentinje<\/strong>, ahol a ciprusok kecses \u00edvben k\u00f6vetik az utat. A l\u00e1tv\u00e1ny aut\u00f3b\u00f3l \u00e9s dr\u00f3nfelv\u00e9teleken is leny\u0171g\u00f6z\u0151.<\/p>\n<p class=\"\" data-start=\"1487\" data-end=\"1530\"><strong data-start=\"1490\" data-end=\"1509\">GPS-koordin\u00e1ta:<\/strong> 43.062028, 11.722854<\/p>\n<hr class=\"\" data-start=\"1532\" data-end=\"1535\" \/>\n<h3 class=\"\" data-start=\"1537\" data-end=\"1599\"><strong data-start=\"1541\" data-end=\"1597\">3. La Foce ciprus\u00fat \u2013 Az irodalom \u00e9s a t\u00e1j tal\u00e1lkoz\u00e1sa<\/strong><\/h3>\n<p class=\"\" data-start=\"1600\" data-end=\"1822\">A <a href=\"https:\/\/toscaneria.hu\/la-foce-toszkana-legszebb-kertjeinek-egyike\/\" target=\"_blank\" rel=\"noopener\">La Foce<\/a><strong data-start=\"1602\" data-end=\"1630\"> birtok k\u00f6zel\u00e9ben<\/strong>, <strong data-start=\"1632\" data-end=\"1651\">Pienz\u00e1t\u00f3l d\u00e9lre<\/strong> elter\u00fcl\u0151 ciprussor nemcsak term\u00e9szeti, hanem irodalmi eml\u00e9khely is. A t\u00e1jat <strong data-start=\"1728\" data-end=\"1742\">Iris Origo<\/strong> \u00edr\u00f3n\u0151 form\u00e1lta \u00e9s \u0151rizte meg, a f\u00e1k pedig m\u00e1ig mes\u00e9lnek az itt t\u00f6lt\u00f6tt \u00e9vekr\u0151l.<\/p>\n<p class=\"\" data-start=\"1824\" data-end=\"1867\"><strong data-start=\"1827\" data-end=\"1846\">GPS-koordin\u00e1ta:<\/strong> 43.024772, 11.769341<\/p>\n<hr class=\"\" data-start=\"1869\" data-end=\"1872\" \/>\n<h3 class=\"\" data-start=\"1874\" data-end=\"1943\"><strong data-start=\"1878\" data-end=\"1941\">4. Agriturismo Baccoleno \u2013 A t\u00f6k\u00e9letes naplemente helysz\u00edne<\/strong><\/h3>\n<p class=\"\" data-start=\"1944\" data-end=\"2172\"><strong data-start=\"1944\" data-end=\"2006\">Ez a ciprussor nemcsak l\u00e1tv\u00e1nyos, hanem szinte hipnotikus.<\/strong> A dombokon k\u00edgy\u00f3z\u00f3 \u00fat \u00e9s a f\u00e1k ritmikus v\u00e1ltakoz\u00e1sa minden fot\u00f3s \u00e1lma. <strong data-start=\"2078\" data-end=\"2103\">A Baccoleno birtokn\u00e1l<\/strong> k\u00e9sz\u00fclt k\u00e9pek gyakran szerepelnek Toszk\u00e1na legszebb k\u00e9peslapjain is.<\/p>\n<p class=\"\" data-start=\"2174\" data-end=\"2217\"><strong data-start=\"2177\" data-end=\"2196\">GPS-koordin\u00e1ta:<\/strong> 43.201518, 11.590821<\/p>\n<hr class=\"\" data-start=\"2219\" data-end=\"2222\" \/>\n<h3 class=\"\" data-start=\"2224\" data-end=\"2286\"><strong data-start=\"2228\" data-end=\"2284\">5. San Quirico d\u2019Orcia cipruscsoportja \u2013 A szimb\u00f3lum<\/strong><\/h3>\n<p class=\"\" data-start=\"2287\" data-end=\"2530\">Kev\u00e9s hely van, amely ennyire <strong data-start=\"2317\" data-end=\"2363\">\u00f6sszeforrt Toszk\u00e1na vizu\u00e1lis identit\u00e1s\u00e1val<\/strong>, mint ez a mag\u00e1nyos cipruscsoport a <strong data-start=\"2400\" data-end=\"2446\">San Quirico d\u2019Orcia fel\u00e9 vezet\u0151 \u00fat mellett<\/strong>. Szinte minden \u00e9vszakban m\u00e1s arc\u00e1t mutatja, m\u00e9gis mindig ugyanazt a b\u00e9k\u00e9t \u00e1rasztja.<\/p>\n<p class=\"\" data-start=\"2532\" data-end=\"2575\"><strong data-start=\"2535\" data-end=\"2554\">GPS-koordin\u00e1ta:<\/strong> 43.064239, 11.558381<\/p>\n<hr class=\"\" data-start=\"2577\" data-end=\"2580\" \/>\n<p class=\"\" data-start=\"2582\" data-end=\"2703\"><br data-start=\"2664\" data-end=\"2667\" \/>K\u00e9pek: Toscaneria.hu, David Dolci<\/p>\n<p class=\"MsoNormal\"><span style=\"font-size: 14pt; line-height: 19.9733px;\"><span style=\"font-family: Tahoma;\">\u00a0<\/span><\/span><\/p>\n\n\n<figure class=\"wp-block-gallery has-nested-images columns-default is-cropped wp-block-gallery-1 is-layout-flex wp-block-gallery-is-layout-flex\">\n<figure class=\"wp-block-image size-large\"><img fetchpriority=\"high\" decoding=\"async\" width=\"375\" height=\"250\" data-id=\"9782\" src=\"https:\/\/katamarantura.hu\/wp-content\/uploads\/2022\/02\/Monticchiello-375x250-1.jpg\" alt=\"\" class=\"wp-image-9782\" srcset=\"https:\/\/toscaneria.hu\/wp-content\/uploads\/2022\/02\/Monticchiello-375x250-1.jpg 375w, https:\/\/toscaneria.hu\/wp-content\/uploads\/2022\/02\/Monticchiello-375x250-1-300x200.jpg 300w\" sizes=\"(max-width: 375px) 100vw, 375px\" \/><\/figure>\n\n\n\n<figure class=\"wp-block-image size-large\"><img decoding=\"async\" width=\"375\" height=\"250\" data-id=\"9781\" src=\"https:\/\/katamarantura.hu\/wp-content\/uploads\/2022\/02\/Poggio-Covili-375x250-1.jpg\" alt=\"\" class=\"wp-image-9781\" srcset=\"https:\/\/toscaneria.hu\/wp-content\/uploads\/2022\/02\/Poggio-Covili-375x250-1.jpg 375w, https:\/\/toscaneria.hu\/wp-content\/uploads\/2022\/02\/Poggio-Covili-375x250-1-300x200.jpg 300w\" sizes=\"(max-width: 375px) 100vw, 375px\" \/><\/figure>\n\n\n\n<figure class=\"wp-block-image size-large\"><img decoding=\"async\" width=\"375\" height=\"250\" data-id=\"9783\" src=\"https:\/\/katamarantura.hu\/wp-content\/uploads\/2022\/02\/La-Foce-cipressi-375x250-1.jpg\" alt=\"\" class=\"wp-image-9783\" srcset=\"https:\/\/toscaneria.hu\/wp-content\/uploads\/2022\/02\/La-Foce-cipressi-375x250-1.jpg 375w, https:\/\/toscaneria.hu\/wp-content\/uploads\/2022\/02\/La-Foce-cipressi-375x250-1-300x200.jpg 300w\" sizes=\"(max-width: 375px) 100vw, 375px\" \/><\/figure>\n\n\n\n<figure class=\"wp-block-image size-large\"><img loading=\"lazy\" decoding=\"async\" width=\"375\" height=\"250\" data-id=\"9784\" src=\"https:\/\/katamarantura.hu\/wp-content\/uploads\/2022\/02\/Agriturismo-Baccoleno-375x250-1.jpg\" alt=\"\" class=\"wp-image-9784\" srcset=\"https:\/\/toscaneria.hu\/wp-content\/uploads\/2022\/02\/Agriturismo-Baccoleno-375x250-1.jpg 375w, https:\/\/toscaneria.hu\/wp-content\/uploads\/2022\/02\/Agriturismo-Baccoleno-375x250-1-300x200.jpg 300w\" sizes=\"(max-width: 375px) 100vw, 375px\" \/><\/figure>\n\n\n\n<figure class=\"wp-block-image size-large\"><img loading=\"lazy\" decoding=\"async\" width=\"375\" height=\"250\" data-id=\"9785\" src=\"https:\/\/katamarantura.hu\/wp-content\/uploads\/2022\/02\/Cipressi-di-San-Quirico-dOrcia-375x250-1.jpg\" alt=\"\" class=\"wp-image-9785\" srcset=\"https:\/\/toscaneria.hu\/wp-content\/uploads\/2022\/02\/Cipressi-di-San-Quirico-dOrcia-375x250-1.jpg 375w, https:\/\/toscaneria.hu\/wp-content\/uploads\/2022\/02\/Cipressi-di-San-Quirico-dOrcia-375x250-1-300x200.jpg 300w\" sizes=\"(max-width: 375px) 100vw, 375px\" \/><\/figure>\n\n\n\n<figure class=\"wp-block-image size-large\"><img loading=\"lazy\" decoding=\"async\" width=\"375\" height=\"250\" data-id=\"9786\" src=\"https:\/\/katamarantura.hu\/wp-content\/uploads\/2022\/02\/Cipressi-di-San-Quirico-dOrcia2-375x250-1.jpg\" alt=\"\" class=\"wp-image-9786\" srcset=\"https:\/\/toscaneria.hu\/wp-content\/uploads\/2022\/02\/Cipressi-di-San-Quirico-dOrcia2-375x250-1.jpg 375w, https:\/\/toscaneria.hu\/wp-content\/uploads\/2022\/02\/Cipressi-di-San-Quirico-dOrcia2-375x250-1-300x200.jpg 300w\" sizes=\"(max-width: 375px) 100vw, 375px\" \/><\/figure>\n<\/figure>\n\n\n\n<p><\/p>\n","protected":false},"excerpt":{"rendered":"<p>5 felejthetetlen helysz\u00edn, ahol a ciprusok mes\u00e9lnek a t\u00e1jr\u00f3l A ciprusok a toszk\u00e1n t\u00e1j elmaradhatatlan szerepl\u0151i \u2013 egyszerre eleg\u00e1nsak, id\u0151tlenek \u00e9s emblematikusak. Mintha \u00e9vsz\u00e1zadok \u00f3ta vigy\u00e1zn\u00e1k a f\u00f6ldet, az eget, a h\u00e1zakat. Olykor egy dombtet\u0151re vezet\u0151 \u00fat ment\u00e9n sorakoznak, m\u00e1skor egy mag\u00e1nyos facsoportk\u00e9nt emelkednek ki a t\u00e1jb\u00f3l \u2013 \u00e9s minden alkalommal k\u00e9peslapra k\u00edv\u00e1nkoz\u00f3 l\u00e1tv\u00e1nyt ny\u00fajtanak. [&hellip;]<\/p>\n","protected":false},"author":1,"featured_media":9787,"comment_status":"closed","ping_status":"closed","sticky":false,"template":"","format":"standard","meta":{"footnotes":""},"categories":[1],"tags":[],"class_list":["post-9780","post","type-post","status-publish","format-standard","has-post-thumbnail","hentry","category-magazin"],"_links":{"self":[{"href":"https:\/\/toscaneria.hu\/en\/wp-json\/wp\/v2\/posts\/9780","targetHints":{"allow":["GET"]}}],"collection":[{"href":"https:\/\/toscaneria.hu\/en\/wp-json\/wp\/v2\/posts"}],"about":[{"href":"https:\/\/toscaneria.hu\/en\/wp-json\/wp\/v2\/types\/post"}],"author":[{"embeddable":true,"href":"https:\/\/toscaneria.hu\/en\/wp-json\/wp\/v2\/users\/1"}],"replies":[{"embeddable":true,"href":"https:\/\/toscaneria.hu\/en\/wp-json\/wp\/v2\/comments?post=9780"}],"version-history":[{"count":7,"href":"https:\/\/toscaneria.hu\/en\/wp-json\/wp\/v2\/posts\/9780\/revisions"}],"predecessor-version":[{"id":20523,"href":"https:\/\/toscaneria.hu\/en\/wp-json\/wp\/v2\/posts\/9780\/revisions\/20523"}],"wp:featuredmedia":[{"embeddable":true,"href":"https:\/\/toscaneria.hu\/en\/wp-json\/wp\/v2\/media\/9787"}],"wp:attachment":[{"href":"https:\/\/toscaneria.hu\/en\/wp-json\/wp\/v2\/media?parent=9780"}],"wp:term":[{"taxonomy":"category","embeddable":true,"href":"https:\/\/toscaneria.hu\/en\/wp-json\/wp\/v2\/categories?post=9780"},{"taxonomy":"post_tag","embeddable":true,"href":"https:\/\/toscaneria.hu\/en\/wp-json\/wp\/v2\/tags?post=9780"}],"curies":[{"name":"wp","href":"https:\/\/api.w.org\/{rel}","templated":true}]}}