{"id":9829,"date":"2022-02-10T04:35:21","date_gmt":"2022-02-10T04:35:21","guid":{"rendered":"https:\/\/toscaneria.honlapkeszites.cc\/2022\/02\/10\/sajtomegjelenesek-2020-osz\/"},"modified":"2026-03-22T11:09:31","modified_gmt":"2026-03-22T11:09:31","slug":"sajtomegjelenesek-2020-osz","status":"publish","type":"post","link":"https:\/\/toscaneria.hu\/en\/sajtomegjelenesek-2020-osz\/","title":{"rendered":"Sajt\u00f3megjelen\u00e9sek 2020. \u0151sz"},"content":{"rendered":"<p class=\"\" data-start=\"205\" data-end=\"265\"><strong data-start=\"205\" data-end=\"265\">Busatti m\u00e1rk\u00e1nk a lakberendez\u00e9si sajt\u00f3 reflektorf\u00e9ny\u00e9ben<\/strong><\/p>\n<p class=\"\" data-start=\"267\" data-end=\"597\">A 2020-as \u00e9v m\u00e1sodik fel\u00e9ben is kiemelt figyelmet kapott a <a href=\"https:\/\/toscaneria.hu\/busatti\/\" target=\"_blank\" rel=\"noopener\">Busatti<\/a> m\u00e1rka a lakberendez\u00e9si magazinok has\u00e1bjain. Boldogok vagyunk, hogy partnereink \u00e9s term\u00e9keink a <strong data-start=\"435\" data-end=\"473\">szakmai sajt\u00f3ban is inspir\u00e1ci\u00f3k\u00e9nt<\/strong> jelenhettek meg \u2013 k\u00fcl\u00f6n\u00f6sen egy olyan kih\u00edv\u00e1sokkal teli \u00e9vben, amikor az otthon harm\u00f3ni\u00e1ja m\u00e9g fontosabb\u00e1 v\u00e1lt.<\/p>\n<h5 data-start=\"599\" data-end=\"658\"><strong data-start=\"603\" data-end=\"658\">Poli-Farbe SZ\u00cdNERGIA \u2013 M\u0171v\u00e9szi \u00e9s inspir\u00e1l\u00f3 illatok<\/strong><\/h5>\n<p class=\"\" data-start=\"660\" data-end=\"1009\">A <strong data-start=\"662\" data-end=\"709\">Poli-Farbe SZ\u00cdNERGIA lakberendez\u00e9si magazin<\/strong> <a href=\"https:\/\/www.polifarbe.hu\/ujsag\/szinergiamagazin\/7\" target=\"_blank\" rel=\"noopener\">2020 \u0151sz\/t\u00e9l<\/a> sz\u00e1m\u00e1ban <strong data-start=\"732\" data-end=\"749\">Z\u00f3lyomi Zsolt<\/strong> vil\u00e1gh\u00edr\u0171 magyar parf\u00fcm\u0151r exkluz\u00edv interj\u00faj\u00e1ban mutatkoznak be a <strong data-start=\"815\" data-end=\"845\">Busatti enteri\u0151r parf\u00fcmjei<\/strong>. A besz\u00e9lget\u00e9sb\u0151l kider\u00fcl, hogyan v\u00e1lhat egy t\u00e9r illata a st\u00edlus \u00e9s az atmoszf\u00e9ra meghat\u00e1roz\u00f3 elem\u00e9v\u00e9, \u00e9s mi\u00e9rt tartja a parf\u00fcm\u0151r k\u00fcl\u00f6nlegesnek a toszk\u00e1n m\u00e1rk\u00e1t.<\/p>\n<p class=\"\" data-start=\"1011\" data-end=\"1123\">Az online lapsz\u00e1m itt \u00e9rhet\u0151 el:<br data-start=\"1046\" data-end=\"1049\" \/><a href=\"https:\/\/www.polifarbe.hu\/ujsag\/szinergiamagazin\/7\" target=\"_blank\" rel=\"noopener\"><strong data-start=\"1049\" data-end=\"1123\">M\u0171v\u00e9szi \u00e9s inspir\u00e1l\u00f3 illatok \u2013 interj\u00fa Z\u00f3lyomi Zsolttal (44\u201345. oldal)<\/strong><\/a><\/p>\n<h5 data-start=\"1125\" data-end=\"1181\"><strong data-start=\"1129\" data-end=\"1181\">OTTHON magazin \u2013 Text\u00edli\u00e1k \u00e9s illatok harm\u00f3ni\u00e1ja<\/strong><\/h5>\n<p class=\"\" data-start=\"1183\" data-end=\"1293\">A <strong data-start=\"1185\" data-end=\"1219\">2020. novemberi OTTHON magazin<\/strong> is figyelmet szentelt a Busatti m\u00e1rk\u00e1nak. A <a href=\"https:\/\/www.otthon.hu\/hirek\/5680_toszkan_kezmuves_textil_kifinomult_elegancia_kivalo_minoseg.html\" target=\"_blank\" rel=\"noopener\">magazin<\/a> has\u00e1bjain megjelenik: <strong style=\"font-size: revert;\" data-start=\"1297\" data-end=\"1328\">Lak\u00e1stext\u00edli\u00e1ink bemutat\u00e1sa<\/strong><span style=\"font-size: revert;\">, amelyek az eleg\u00e1ns, id\u0151t\u00e1ll\u00f3 enteri\u0151r\u00f6k kedvelt elemei.<\/span><\/p>\n<p class=\"\" data-start=\"1183\" data-end=\"1293\"><span style=\"font-size: revert;\">Az <\/span><strong style=\"font-size: revert;\" data-start=\"1393\" data-end=\"1415\">&#8220;\u00d6kosikk&#8221; rovatban<\/strong><span style=\"font-size: revert;\"> pedig a <\/span><strong style=\"font-size: revert;\" data-start=\"1424\" data-end=\"1449\">Busatti Nero di Bacco<\/strong><span style=\"font-size: revert;\"> enteri\u0151rillatos\u00edt\u00f3nk kapott helyet \u2013 ez a k\u00fcl\u00f6nleges, k\u00e9ksz\u0151l\u0151s parf\u00fcm a term\u00e9szetess\u00e9g \u00e9s a karakteres illatvil\u00e1g tal\u00e1lkoz\u00e1sa.<\/span><\/p>\n<p class=\"\" data-start=\"1589\" data-end=\"1794\">Ezek a megjelen\u00e9sek nemcsak szakmai elismer\u00e9st jelentenek sz\u00e1munkra, hanem meger\u0151s\u00edtik a Busatti filoz\u00f3fi\u00e1j\u00e1t is: az otthon nem csup\u00e1n t\u00e9r, hanem <strong data-start=\"1735\" data-end=\"1765\">t\u00f6rt\u00e9net, st\u00edlus \u00e9s \u00e9lm\u00e9ny<\/strong> \u2013 minden \u00e9rz\u00e9kszervre hatva.<\/p>\n\n\n<figure class=\"wp-block-gallery has-nested-images columns-default is-cropped wp-block-gallery-1 is-layout-flex wp-block-gallery-is-layout-flex\"><\/figure>\n\n\n\n<p><\/p>\n","protected":false},"excerpt":{"rendered":"<p>Busatti m\u00e1rk\u00e1nk a lakberendez\u00e9si sajt\u00f3 reflektorf\u00e9ny\u00e9ben A 2020-as \u00e9v m\u00e1sodik fel\u00e9ben is kiemelt figyelmet kapott a Busatti m\u00e1rka a lakberendez\u00e9si magazinok has\u00e1bjain. Boldogok vagyunk, hogy partnereink \u00e9s term\u00e9keink a szakmai sajt\u00f3ban is inspir\u00e1ci\u00f3k\u00e9nt jelenhettek meg \u2013 k\u00fcl\u00f6n\u00f6sen egy olyan kih\u00edv\u00e1sokkal teli \u00e9vben, amikor az otthon harm\u00f3ni\u00e1ja m\u00e9g fontosabb\u00e1 v\u00e1lt. Poli-Farbe SZ\u00cdNERGIA \u2013 M\u0171v\u00e9szi \u00e9s inspir\u00e1l\u00f3 [&hellip;]<\/p>\n","protected":false},"author":1,"featured_media":9833,"comment_status":"closed","ping_status":"closed","sticky":false,"template":"","format":"standard","meta":{"footnotes":""},"categories":[1],"tags":[],"class_list":["post-9829","post","type-post","status-publish","format-standard","has-post-thumbnail","hentry","category-magazin"],"_links":{"self":[{"href":"https:\/\/toscaneria.hu\/en\/wp-json\/wp\/v2\/posts\/9829","targetHints":{"allow":["GET"]}}],"collection":[{"href":"https:\/\/toscaneria.hu\/en\/wp-json\/wp\/v2\/posts"}],"about":[{"href":"https:\/\/toscaneria.hu\/en\/wp-json\/wp\/v2\/types\/post"}],"author":[{"embeddable":true,"href":"https:\/\/toscaneria.hu\/en\/wp-json\/wp\/v2\/users\/1"}],"replies":[{"embeddable":true,"href":"https:\/\/toscaneria.hu\/en\/wp-json\/wp\/v2\/comments?post=9829"}],"version-history":[{"count":7,"href":"https:\/\/toscaneria.hu\/en\/wp-json\/wp\/v2\/posts\/9829\/revisions"}],"predecessor-version":[{"id":20525,"href":"https:\/\/toscaneria.hu\/en\/wp-json\/wp\/v2\/posts\/9829\/revisions\/20525"}],"wp:featuredmedia":[{"embeddable":true,"href":"https:\/\/toscaneria.hu\/en\/wp-json\/wp\/v2\/media\/9833"}],"wp:attachment":[{"href":"https:\/\/toscaneria.hu\/en\/wp-json\/wp\/v2\/media?parent=9829"}],"wp:term":[{"taxonomy":"category","embeddable":true,"href":"https:\/\/toscaneria.hu\/en\/wp-json\/wp\/v2\/categories?post=9829"},{"taxonomy":"post_tag","embeddable":true,"href":"https:\/\/toscaneria.hu\/en\/wp-json\/wp\/v2\/tags?post=9829"}],"curies":[{"name":"wp","href":"https:\/\/api.w.org\/{rel}","templated":true}]}}