{"id":9877,"date":"2022-02-10T04:30:21","date_gmt":"2022-02-10T04:30:21","guid":{"rendered":"https:\/\/toscaneria.honlapkeszites.cc\/2022\/02\/10\/busatti-markank-a-le-parfum-zolyomi-zsolt-parfumeriajaban\/"},"modified":"2026-03-22T11:34:27","modified_gmt":"2026-03-22T11:34:27","slug":"busatti-markank-a-le-parfum-zolyomi-zsolt-parfumeriajaban","status":"publish","type":"post","link":"https:\/\/toscaneria.hu\/en\/busatti-markank-a-le-parfum-zolyomi-zsolt-parfumeriajaban\/","title":{"rendered":"Busatti m\u00e1rk\u00e1nk a Le Parfum Z\u00f3lyomi Zsolt parf\u00fcm\u00e9ri\u00e1iban"},"content":{"rendered":"<p class=\"\" data-start=\"151\" data-end=\"215\"><strong data-start=\"151\" data-end=\"215\">Illatok, amelyek t\u00f6rt\u00e9neteket mes\u00e9lnek \u2013 Busatti x Le Parfum<\/strong><\/p>\n<p class=\"\" data-start=\"566\" data-end=\"867\">A Toscaneria misszi\u00f3ja, hogy Toszk\u00e1na legszebb m\u00e1rk\u00e1it hozza el Magyarorsz\u00e1gra \u2013 olyan k\u00e9zm\u0171ves k\u00fcl\u00f6nlegess\u00e9geket, amelyek m\u00f6g\u00f6tt val\u00f3di t\u00f6rt\u00e9netek \u00e1llnak. Hatalmas megtiszteltet\u00e9s sz\u00e1munkra, hogy Magyarorsz\u00e1g legismertebb parf\u00fcm\u0151rje, Z\u00f3lyomi Zsolt a <a href=\"https:\/\/leparfum.hu\/\" target=\"_blank\" rel=\"noopener\">Le Parfum<\/a> v\u00e1laszt\u00e9k\u00e1ba emelte a Busatti illatainkat.<\/p>\n<p class=\"\" data-start=\"1298\" data-end=\"1388\"><strong data-start=\"1301\" data-end=\"1388\">Az al\u00e1bbiakban olvashat\u00f3 a teljes interj\u00fa, amely a M\u00e1rkamonitor oldal\u00e1n jelent meg.<\/strong><\/p>\n<h5><span style=\"font-family: Tahoma;\"><strong><span style=\"color: #3d3d3d; font-size: 26px;\">Im\u00e1dom eg\u00e9sz Firenz\u00e9t &#8211;\u00a0<\/span><a style=\"background-color: #ffffff;\" href=\"https:\/\/markamonitor.hu\/imadom-egesz-firenzet\/\" target=\"_blank\" rel=\"noopener\">M\u00c1RKAMONITOR INTERJ\u00da Z\u00d3LYOMI ZSOLTTAL\u00a0<\/a><\/strong><\/span><\/h5>\n<p style=\"margin-bottom: 20px; border: 0px; font-size: 14px; outline: 0px; padding: 0px; vertical-align: baseline; color: #3d3d3d;\"><span style=\"font-family: Tahoma;\"><span style=\"border: 0px; font-style: inherit; font-weight: bold; margin: 0px; outline: 0px; padding: 0px; vertical-align: baseline;\">A lak\u00e1stextilekre szakosodott, patin\u00e1s olasz csal\u00e1di v\u00e1llalkoz\u00e1s, a\u00a0<a href=\"https:\/\/toscaneria.hu\/busatti\" target=\"_blank\" rel=\"noopener\">Busatti\u00a0<\/a>enteri\u0151rillatos\u00edt\u00f3 term\u00e9kei megjelentek a magyar piacon,\u00a0<a href=\"https:\/\/leparfum.hu\/kapcsolat\/\" target=\"_blank\" rel=\"noopener\">Z\u00f3lyomi Zsolt parf\u00fcm\u00e9ri\u00e1iban<\/a>. A parf\u00fcm\u0151rt ennek kapcs\u00e1n k\u00e9rdezt\u00fck a bels\u0151 terek illatos\u00edt\u00e1s\u00e1nak titkair\u00f3l.<\/span><span id=\"more-30361\" style=\"border: 0px; font-style: inherit; font-weight: inherit; margin: 0px; outline: 0px; padding: 0px; vertical-align: baseline;\"><\/span><\/span><\/p>\n<p style=\"margin-bottom: 20px; border: 0px; font-size: 14px; outline: 0px; padding: 0px; vertical-align: baseline; color: #3d3d3d;\"><span style=\"border: 0px; font-style: inherit; font-weight: bold; margin: 0px; outline: 0px; padding: 0px; vertical-align: baseline;\"><span style=\"font-family: Tahoma;\">Milyen hat\u00e1st v\u00e1lthat ki, mit \u00fczenhet egy helyis\u00e9g illata?<\/span><\/span><\/p>\n<p style=\"margin-bottom: 20px; border: 0px; font-size: 14px; outline: 0px; padding: 0px; vertical-align: baseline; color: #3d3d3d;\"><span style=\"font-family: Tahoma;\">B\u00e1rmit. Van, hogy arra k\u00e9rnek fel, hogy egy \u00fczleti t\u00e1rgyal\u00e1st nyerj\u00fcnk meg. Legyen olyan az illat, hogy a nehezen d\u00f6nt\u0151 jap\u00e1n partner, akivel m\u00e1r h\u00e1rom \u00e9ve t\u00e1rgyalnak, egy k\u00f6z\u00f6s konyakoz\u00e1s keret\u00e9ben \u00edrja m\u00e1r al\u00e1 a 200 milli\u00f3 doll\u00e1ros szerz\u0151d\u00e9st. Ez egy olyan konkr\u00e9t c\u00e9l, amire \u00e9n be tudom illatos\u00edtani az enteri\u0151rt. A h\u00e9ten voltam m\u00e1r irod\u00e1ban, hotelben, \u00e9s ma h\u00edvtak fel egy nemzetk\u00f6zi ki\u00e1ll\u00edt\u00e1s ter\u00e9nek az illatos\u00edt\u00e1s\u00e1ra. De illatos\u00edtottam m\u00e1r haj\u00f3t, vagy a ri\u00f3i olimpi\u00e1n a magyar h\u00e1zat \u00e9s a ferihegyi rep\u00fcl\u0151teret is.<\/span><\/p>\n<p style=\"margin-bottom: 20px; border: 0px; font-size: 14px; outline: 0px; padding: 0px; vertical-align: baseline; color: #3d3d3d;\"><span style=\"border: 0px; font-style: inherit; font-weight: bold; margin: 0px; outline: 0px; padding: 0px; vertical-align: baseline;\"><span style=\"font-family: Tahoma;\">Van-e olyan tipikus \u00fcgyf\u00e9l, aki illatot keres az \u00e9letter\u00e9hez vagy a munkahely\u00e9hez?<\/span><\/span><\/p>\n<p style=\"margin-bottom: 20px; border: 0px; font-size: 14px; outline: 0px; padding: 0px; vertical-align: baseline; color: #3d3d3d;\"><span style=\"font-family: Tahoma;\">A mag\u00e1nemberek \u00e1ltal\u00e1ban elj\u00f6nnek illattan\u00e1csad\u00e1sra, \u00e9s amikor neki j\u00f3 parf\u00fcm\u00f6t v\u00e1lasztunk, akkor r\u00e1j\u00f6n, hogy ez folytat\u00f3dhat az otthon\u00e1ban vagy az irod\u00e1j\u00e1ban is. A m\u00e1sik a professzion\u00e1lis felhaszn\u00e1l\u00f3, p\u00e9ld\u00e1ul egy luxushotel. A mai vil\u00e1gban egy \u00f6tcsillagos sz\u00e1llod\u00e1nak m\u00e1r elemi r\u00e9sze, hogy fantasztikus illat\u00e9lm\u00e9nnyel is t\u00e1vozzon az ott lak\u00f3, \u00e9s amikor legk\u00f6zelebb a concierge kinyitja neki a Rolls-Royce ajtaj\u00e1t, \u00fagy \u00e9rezze, hogy meg\u00e9rkezett.<\/span><\/p>\n<p style=\"margin-bottom: 20px; border: 0px; font-size: 14px; outline: 0px; padding: 0px; vertical-align: baseline; color: #3d3d3d;\"><span style=\"border: 0px; font-style: inherit; font-weight: bold; margin: 0px; outline: 0px; padding: 0px; vertical-align: baseline;\"><span style=\"font-family: Tahoma;\">A mag\u00e1nemberek eset\u00e9ben van, amiben hasonl\u00edtanak?<\/span><\/span><\/p>\n<p style=\"margin-bottom: 20px; border: 0px; font-size: 14px; outline: 0px; padding: 0px; vertical-align: baseline; color: #3d3d3d;\"><span style=\"font-family: Tahoma;\">Nem. Nagyon fontos, hogy a mag\u00e1nemberek mag\u00e1nemberek, teljesen egyediek. Nem tipiz\u00e1lom \u0151ket. Semmit nem d\u00f6nt\u00f6k el el\u0151re. Teljesen mindegy, hogy milyen ruh\u00e1ba van \u00f6lt\u00f6zve, milyen kocsival \u00e9rkezik, null\u00e1r\u00f3l indulunk. Az illat\u00edzl\u00e9s sokkal absztraktabb, mint p\u00e9ld\u00e1ul az, hogy valaki szereti a piros sz\u00ednt. Az otthon\u00e1t sem felt\u00e9tlen\u00fcl az\u00e9rt n\u00e9zem meg, hogy vizu\u00e1lis ingereket kapjak, ink\u00e1bb az \u00e9let\u00e9nek a ritmiz\u00e1l\u00e1sa \u00e9rdekel, de legf\u0151k\u00e9ppen a t\u00e9r hangulata \u00e9s a szaga. \u00c9rdekes saj\u00e1t \u00e9lm\u00e9nyem, hogy amikor egy kedves h\u00f6lgyismer\u0151s\u00f6met elvittem a sz\u00fcleimhez, azt mondta, hogy mennyire Z\u00f3lyomi-szag van itt. Vagyis a csal\u00e1dunknak is van egy jellegzetes, saj\u00e1t szaga, ami felismerhet\u0151 olyan ember sz\u00e1m\u00e1ra, aki nem parf\u00fcm\u0151r. Ez nagyon izgalmas felismer\u00e9s volt sz\u00e1momra.<\/span><\/p>\n<p style=\"margin-bottom: 20px; border: 0px; font-size: 14px; outline: 0px; padding: 0px; vertical-align: baseline; color: #3d3d3d;\"><span style=\"border: 0px; font-style: inherit; font-weight: bold; margin: 0px; outline: 0px; padding: 0px; vertical-align: baseline;\"><span style=\"font-family: Tahoma;\">Szakmailag mi a k\u00fcl\u00f6nbs\u00e9g egy helyis\u00e9get illatos\u00edt\u00f3 \u00e9s egy emberi testre ker\u00fcl\u0151 parf\u00fcm k\u00f6z\u00f6tt?<\/span><\/span><\/p>\n<p style=\"margin-bottom: 20px; border: 0px; font-size: 14px; outline: 0px; padding: 0px; vertical-align: baseline; color: #3d3d3d;\"><span style=\"font-family: Tahoma;\">Teljesen m\u00e1s a kett\u0151. A\u00a0<span style=\"border: 0px; font-style: inherit; font-weight: bold; margin: 0px; outline: 0px; padding: 0px; vertical-align: baseline;\">Mercedes<\/span>\u00a0egyszer csin\u00e1lt egy illatos\u00edt\u00f3t valamelyik t\u00edpusa sz\u00e1m\u00e1ra, amelybe az ehhez k\u00e9sz\u00fclt illatokon k\u00edv\u00fcl a saj\u00e1t parf\u00fcm\u00f6t is be lehetett t\u00f6lteni. A koncepci\u00f3 term\u00e9szetesen megbukott, mert hi\u00e1ba szeret valaki saj\u00e1t mag\u00e1n egy parf\u00fcm\u00f6t, azt egy\u00e1ltal\u00e1n nem fogja akarni egy enteri\u0151rben. Teljesen m\u00e1st v\u00e1runk el a kedves\u00fcnk parf\u00fcmj\u00e9t\u0151l \u00e9s egy bels\u0151t\u00e9r illat\u00e1t\u00f3l. Egy enteri\u0151rillatot nem szabad a b\u0151rre spriccelni. A saj\u00e1t parf\u00fcm\u00f6t ki lehet f\u00fajni a t\u00e9rbe, az viszont nem lesz tart\u00f3s. A leveg\u0151nek nem fog \u00e1rtani, de nem lesz hat\u00e9kony.<\/span><\/p>\n<p style=\"margin-bottom: 20px; border: 0px; font-size: 14px; outline: 0px; padding: 0px; vertical-align: baseline; color: #3d3d3d;\"><span style=\"border: 0px; font-style: inherit; font-weight: bold; margin: 0px; outline: 0px; padding: 0px; vertical-align: baseline;\"><span style=\"font-family: Tahoma;\">Az viszonylag gyakori, hogy neves divath\u00e1zak a saj\u00e1t nev\u00fck alatt parf\u00fcm\u00f6ket adnak ki, de mennyire elterjedt, hogy terek illatos\u00edt\u00e1s\u00e1ra alkalmas term\u00e9kekkel jelentkeznek?<\/span><\/span><\/p>\n<p style=\"margin-bottom: 20px; border: 0px; font-size: 14px; outline: 0px; padding: 0px; vertical-align: baseline; color: #3d3d3d;\"><span style=\"font-family: Tahoma;\">Ma m\u00e1r ez is egy nagyon komoly, n\u00f6vekv\u0151 trendet mutat\u00f3 piac. Olyan brandeknek van\u00a0<em style=\"border: 0px; font-weight: inherit; margin: 0px; outline: 0px; padding: 0px; vertical-align: baseline;\">Casa<\/em>\u00a0vagy\u00a0<em style=\"border: 0px; font-weight: inherit; margin: 0px; outline: 0px; padding: 0px; vertical-align: baseline;\">Ambience<\/em>\u00a0vonala, mint p\u00e9ld\u00e1ul az\u00a0<span style=\"border: 0px; font-style: inherit; margin: 0px; outline: 0px; padding: 0px; vertical-align: baseline;\">Armani<\/span>\u00a0vagy a\u00a0<span style=\"border: 0px; font-style: inherit; margin: 0px; outline: 0px; padding: 0px; vertical-align: baseline;\">Natuzzi<\/span>.<\/span><\/p>\n<p style=\"margin-bottom: 20px; border: 0px; font-size: 14px; outline: 0px; padding: 0px; vertical-align: baseline; color: #3d3d3d;\"><span style=\"border: 0px; font-style: inherit; font-weight: bold; margin: 0px; outline: 0px; padding: 0px; vertical-align: baseline;\"><span style=\"font-family: Tahoma;\">\u00c9s mi\u00e9rt \u00e9ppen a Busattit v\u00e1lasztotta?<\/span><\/span><\/p>\n<p style=\"margin-bottom: 20px; border: 0px; font-size: 14px; outline: 0px; padding: 0px; vertical-align: baseline; color: #3d3d3d;\"><span style=\"font-family: Tahoma;\">A k\u00fcl\u00f6nleges parf\u00fcm\u00f6knek minden \u00e9vben van Firenz\u00e9ben egy nagy ki\u00e1ll\u00edt\u00e1sa, amit term\u00e9szetesen szorgalmasan l\u00e1togatok, h\u00f3dolva a toszk\u00e1n \u00e9let\u00e9rz\u00e9s \u00f6sszes csod\u00e1latos aspektus\u00e1nak: \u00e9tel, ital, f\u0171szer, kult\u00fara, zene, t\u00e1nc, vir\u00e1g, borok, sz\u00e9p n\u0151k, lovak, tengerpart\u2026 Im\u00e1dom eg\u00e9sz Firenz\u00e9t, \u00e9s ott ismerkedtem meg ezzel a m\u00e1rk\u00e1val is m\u00e1r \u00e9vekkel ezel\u0151tt, amit becs\u00fcl\u00f6k \u00e9s tisztelek. A t\u00f6rt\u00e9nete majdnem olyan r\u00e9gre ny\u00falik vissza, mint a magyar\u00a0<span style=\"border: 0px; font-style: inherit; font-weight: bold; margin: 0px; outline: 0px; padding: 0px; vertical-align: baseline;\">Zwack Unicum\u00e9<\/span>. H\u0171s\u00e9ges v\u00e1s\u00e1rl\u00f3v\u00e1 avanzs\u00e1ltam, \u00e9s minden \u00e9vben vettem valamit a h\u00e1ztart\u00e1sba: b\u00fatortext\u00edli\u00e1t, konyhai text\u00edli\u00e1t, vagy ak\u00e1r csak egy sz\u00e9p v\u00e9g v\u00e1sznat, amir\u0151l m\u00e9g nem is tudtam akkor, hogy mire fogom haszn\u00e1lni.<\/span><\/p>\n<div>\n<p style=\"margin-bottom: 20px; border: 0px; font-size: 14px; outline: 0px; padding: 0px; vertical-align: baseline; color: #3d3d3d;\"><span style=\"border: 0px; font-style: inherit; font-weight: bold; margin: 0px; outline: 0px; padding: 0px; vertical-align: baseline;\"><span style=\"font-family: Tahoma;\">Az \u00fczlet v\u00e1laszt\u00e9k\u00e1ba milyen term\u00e9kek ker\u00fcltek be?<\/span><\/span><\/p>\n<p style=\"margin-bottom: 20px; border: 0px; font-size: 14px; outline: 0px; padding: 0px; vertical-align: baseline; color: #3d3d3d;\"><span style=\"font-family: Tahoma;\">Mivel b\u0151rparf\u00fcm\u00fck nincsen, ide is enteri\u0151rillatok ker\u00fcltek, ami sz\u00e1momra is nagyon \u00faj volt. M\u00e1ri\u00e1\u00e9knak\u00a0<em style=\"border: 0px; font-weight: inherit; margin: 0px; outline: 0px; padding: 0px; vertical-align: baseline;\">(P\u00e9ntek M\u00e1ria, a Toscaneria t\u00e1rstulajdonosa \u2013 a szerk.)\u00a0<\/em>k\u00f6sz\u00f6nhetem, hogy megismerhettem \u0151ket. Ezek p\u00e1lc\u00e1s illatos\u00edt\u00f3k: egy gy\u00f6ny\u00f6r\u0171, tradicion\u00e1lis form\u00e1j\u00fa \u00fcvegben sz\u00ednes folyad\u00e9k van, \u00e9s az ebbe m\u00e1rtott p\u00e1lc\u00e1kon \u00e1t kip\u00e1rolog az illat. Nem szeretem tipiz\u00e1lni az illatokat, de a hatf\u00e9le term\u00e9k k\u00f6z\u00f6tt van a toszk\u00e1n \u00e9s it\u00e1liai \u00e9let\u00e9rz\u00e9st lek\u00f6vetve tengerillat\u00fa; pirosbogy\u00f3s gy\u00fcm\u00f6lcs\u00f6s illat\u00fa; nagyon sz\u00e9p citrusos-f\u00e1s vonal, mintha z\u00f6ld, toszk\u00e1n mez\u0151k\u00f6n s\u00e9t\u00e1ln\u00e1nk; a sz\u0151l\u0151sz\u00fcretet megid\u00e9z\u0151, vagy a k\u00f6nny\u0171 mandulalisztb\u0151l, marcip\u00e1nnal k\u00e9sz\u00fclt, csod\u00e1s olasz s\u00fctem\u00e9nyek hangulat\u00e1t visszaad\u00f3 illat is. Amikor a tesztel\u00e9shez v\u00e9gigszagoltam \u0151ket, olyan \u00e9rz\u00e9s volt, mint kipr\u00f3b\u00e1lni a\u00a0<span style=\"border: 0px; font-style: inherit; font-weight: bold; margin: 0px; outline: 0px; padding: 0px; vertical-align: baseline;\">Ladur\u00e9e<\/span>\u00a0illatokat P\u00e1rizsban: azt szerettem volna, hogy mire haza\u00e9rek, legyen a term\u00e9k az \u00fczletemben.<\/span><\/p>\n<p style=\"margin-bottom: 20px; border: 0px; font-size: 14px; outline: 0px; padding: 0px; vertical-align: baseline; color: #3d3d3d;\"><span style=\"border: 0px; font-style: inherit; font-weight: bold; margin: 0px; outline: 0px; padding: 0px; vertical-align: baseline;\"><span style=\"font-family: Tahoma;\">Ezeket aj\u00e1nlja \u00fczleti felhaszn\u00e1l\u00e1sra is?<\/span><\/span><\/p>\n<p style=\"margin-bottom: 20px; border: 0px; font-size: 14px; outline: 0px; padding: 0px; vertical-align: baseline; color: #3d3d3d;\"><span style=\"font-family: Tahoma;\">Olyannyira, hogy nemr\u00e9g megk\u00e9rtek, hogy illatos\u00edtsak egy esk\u00fcv\u0151i helysz\u00ednt, \u00e9s az m\u00e1r Busattival lesz. Nemsok\u00e1ra a\u00a0<span style=\"border: 0px; font-style: inherit; font-weight: bold; margin: 0px; outline: 0px; padding: 0px; vertical-align: baseline;\">MOM Park<\/span>\u00a0k\u00f6z\u00f6ss\u00e9gi tereit illatos\u00edtjuk majd egy kamp\u00e1nyra, \u00e9s szerintem azt is Busattival fogom csin\u00e1lni, valamint egy komoly priv\u00e1t befektet\u00e9si szolg\u00e1ltat\u00f3 k\u00e9pvisel\u0151je is beleszeretett m\u00e1r k\u00e9t illatba. Ezen k\u00edv\u00fcl valaki tavasszal v\u00e1s\u00e1rolt meg egy vill\u00e1t a C\u00f4te d\u2019Azure-\u00f6n, \u00e9s t\u0151lem oda elvitt\u00e9k a nulladik sz\u00e9ri\u00e1s term\u00e9keimet. Szerintem j\u00f3l indultunk.<\/span><\/p>\n<p style=\"margin-bottom: 20px; border: 0px; font-size: 14px; outline: 0px; padding: 0px; vertical-align: baseline; color: #3d3d3d;\"><span style=\"border: 0px; font-style: inherit; font-weight: bold; margin: 0px; outline: 0px; padding: 0px; vertical-align: baseline;\"><span style=\"font-family: Tahoma;\">A p\u00e1lc\u00e1s term\u00e9kekkel nagyobb l\u00e9gteret is be lehet illatos\u00edtani?<\/span><\/span><\/p>\n<p style=\"margin-bottom: 20px; border: 0px; font-size: 14px; outline: 0px; padding: 0px; vertical-align: baseline; color: #3d3d3d;\"><span style=\"font-family: Tahoma;\">Van g\u00e9pi megold\u00e1s, \u00e9s abba is be lehet ezeket a folyad\u00e9kokat \u00f6nteni, de a p\u00e1lc\u00e1ssal is csak annyi feladat van, hogy t\u00f6bbet kell elhelyezni a t\u00e9rben.<\/span><\/p>\n<p style=\"margin-bottom: 20px; border: 0px; font-size: 14px; outline: 0px; padding: 0px; vertical-align: baseline; color: #3d3d3d;\"><span style=\"border: 0px; font-style: inherit; font-weight: bold; margin: 0px; outline: 0px; padding: 0px; vertical-align: baseline;\"><span style=\"font-family: Tahoma;\">Ha otthonokban gondolkodunk, ott milyen hat\u00e1st \u00e9rhet\u00fcnk el?<\/span><\/span><\/p>\n<p style=\"margin-bottom: 20px; border: 0px; font-size: 14px; outline: 0px; padding: 0px; vertical-align: baseline; color: #3d3d3d;\"><span style=\"font-family: Tahoma;\">A szem\u00e9lyes parf\u00fcmtan\u00e1csad\u00e1shoz hasonl\u00f3an enteri\u0151r illattan\u00e1csad\u00e1st is tartunk. \u00c9n mindig konkr\u00e9t otthonokban gondolkodom, \u00e9s ha csak tehetem, odamegyek a helysz\u00ednre. Valaki az \u00e9p\u00fcl\u0151 otthon\u00e1t m\u00e9g h\u00e1romdimenzi\u00f3s vide\u00f3ban is k\u00f6r\u00fclj\u00e1ratja velem, majd f\u00e9lk\u00e9sz \u00e1llapotban is megn\u00e9zz\u00fck, \u00e9s k\u00f6z\u00f6sen alak\u00edtjuk ki az enteri\u0151r\u00f6k illatvil\u00e1g\u00e1t. Ha valakinek nyitott az orra az ilyesmire, annak a sz\u00e1m\u00e1ra ez egy izgalmas kaland, \u00e9s a bek\u00f6lt\u00f6z\u00e9skor m\u00e1r egy komplex illat\u00e9lm\u00e9ny v\u00e1rja a csal\u00e1dot.\u00a0<\/span><\/p>\n<p style=\"margin-bottom: 20px; border: 0px; font-size: 14px; outline: 0px; padding: 0px; vertical-align: baseline; color: #3d3d3d;\"><span style=\"font-family: Tahoma;\"><em style=\"border: 0px; font-weight: inherit; margin: 0px; outline: 0px; padding: 0px; vertical-align: baseline;\">A Busatti illatok a szint\u00e9n csal\u00e1di v\u00e1llalkoz\u00e1sk\u00e9nt m\u0171k\u00f6d\u0151, toszk\u00e1n m\u00e1rk\u00e1kat forgalmaz\u00f3 Toscaneria k\u00f6zbenj\u00e1r\u00e1s\u00e1val ker\u00fcltek az \u00fczletbe. Ennek h\u00e1tter\u00e9r\u0151l P\u00e9ntek M\u00e1ri\u00e1t, a Toscaneria t\u00e1rstulajdonos\u00e1t k\u00e9rdezt\u00fck.<\/em><\/span><\/p>\n<p style=\"margin-bottom: 20px; border: 0px; font-size: 14px; outline: 0px; padding: 0px; vertical-align: baseline; color: #3d3d3d;\"><span style=\"border: 0px; font-style: inherit; font-weight: bold; margin: 0px; outline: 0px; padding: 0px; vertical-align: baseline;\"><span style=\"font-family: Tahoma;\">Hogyan v\u00e1logatt\u00e1k \u00f6ssze azokat a m\u00e1rk\u00e1kat, amelyekkel Toszk\u00e1n\u00e1t k\u00e9pviselik a magyar piacon?<\/span><\/span><\/p>\n<p style=\"margin-bottom: 20px; border: 0px; font-size: 14px; outline: 0px; padding: 0px; vertical-align: baseline; color: #3d3d3d;\"><span style=\"font-family: Tahoma;\">Jelenleg n\u00e9gy toszk\u00e1n m\u00e1rka kiz\u00e1r\u00f3lagos k\u00e9pviselet\u00e9t l\u00e1tjuk el Magyarorsz\u00e1gon, \u00e9s mindegyikhez szem\u00e9lyes \u00e9lm\u00e9nyeink k\u00f6thet\u0151k. A firenzei\u00a0<span style=\"border: 0px; font-style: inherit; font-weight: bold; margin: 0px; outline: 0px; padding: 0px; vertical-align: baseline;\">Idea Toscana<\/span>\u00a0kozmetikummal Pis\u00e1ban tal\u00e1lkoztunk, amikor egy maratoni fut\u00f3versenyre \u00e9rkezt\u00fcnk a v\u00e1rosba. Ennek a pillanatnak k\u00f6sz\u00f6nhetj\u00fck a v\u00e1llalkoz\u00e1sunk alap\u00f6tlet\u00e9t is, mert mint kider\u00fclt, a nev\u00e9ben hordozza az \u00e1lmunkat. A legels\u0151\u00a0<b>Busatti\u00a0<\/b>text\u00edli\u00e1nkat 12 \u00e9vvel ezel\u0151tt v\u00e1s\u00e1roltuk Monticchielloban, ahov\u00e1 id\u00e9n ism\u00e9t ell\u00e1togattunk. Igaz\u00e1n meghat\u00f3 \u00e9lm\u00e9ny volt a tulajdonos csal\u00e1ddal egy\u00fctt k\u00e1v\u00e9zni, mintha mi is m\u00e1r a t\u00f6rt\u00e9net\u00fck r\u00e9sze lenn\u00e9nk. A\u00a0<span style=\"border: 0px; font-style: inherit; font-weight: bold; margin: 0px; outline: 0px; padding: 0px; vertical-align: baseline;\">La Molina<\/span>\u00a0csokol\u00e1d\u00e9t toszk\u00e1n bar\u00e1tainknak k\u00f6sz\u00f6nhetj\u00fck, akik a csokol\u00e1d\u00e9manufakt\u00fara k\u00f6zel\u00e9ben laknak. A\u00a0<span style=\"border: 0px; font-style: inherit; font-weight: bold; margin: 0px; outline: 0px; padding: 0px; vertical-align: baseline;\">Pure Stagioni<\/span>\u00a0m\u00e1rk\u00e1nkra az interneten v\u00e9letlen\u00fcl tal\u00e1ltunk r\u00e1, \u00e9s m\u00e1r a c\u00e9ggel val\u00f3 els\u0151 lev\u00e9lv\u00e1lt\u00e1skor \u00e9rezt\u00fck, hogy sorsszer\u0171s\u00e9g van a dologban, ugyanis p\u00e1r h\u00e9ttel kor\u00e1bban a La Molina-val voltak egym\u00e1s melletti standon egy ki\u00e1ll\u00edt\u00e1son. Nem volt k\u00e9rd\u00e9s, hogy mi is egym\u00e1s mell\u00e9 sorakoztatjuk \u0151ket a portf\u00f3li\u00f3nkban.<\/span><\/p>\n<\/div>\n<div>\n<p style=\"margin-bottom: 20px; border: 0px; font-size: 14px; outline: 0px; padding: 0px; vertical-align: baseline; color: #3d3d3d;\"><span style=\"border: 0px; font-style: inherit; font-weight: bold; margin: 0px; outline: 0px; padding: 0px; vertical-align: baseline;\"><span style=\"font-family: Tahoma;\">Milyen volt a term\u00e9kek fogadtat\u00e1sa, \u00e9s mire sz\u00e1m\u00edtanak a Busatti enteri\u0151rillatok kapcs\u00e1n?<\/span><\/span><\/p>\n<p style=\"margin-bottom: 20px; border: 0px; font-size: 14px; outline: 0px; padding: 0px; vertical-align: baseline; color: #3d3d3d;\"><span style=\"font-family: Tahoma;\">A\u00a0<em style=\"border: 0px; font-weight: inherit; margin: 0px; outline: 0px; padding: 0px; vertical-align: baseline;\">\u201eToszk\u00e1n\u00e1b\u00f3l Szeretettel\u201d<\/em>\u00a0szlogen\u00fcnk megragadta a l\u00e9nyeget, szeretettel \u00e9p\u00edtett\u00fck a v\u00e1llalkoz\u00e1sunkat \u00e9s ennek hat\u00e1sa \u00e9rz\u0151d\u00f6tt a fogadtat\u00e1son is. A lelkesed\u00e9s azonban \u00f6nmag\u00e1ban kev\u00e9s lenne egy komoly strat\u00e9giai terv n\u00e9lk\u00fcl. K\u00fcls\u0151 szeml\u00e9l\u0151nek a biokozmetikum, a lak\u00e1stext\u00edlia \u00e9s a gourmet k\u00fcl\u00f6nlegess\u00e9gek mer\u0151ben elt\u00e9r\u0151 profillal rendelkeznek, de val\u00f3j\u00e1ban sz\u00e1mos ponton kapcsol\u00f3dnak. Az enteri\u0151rillatos\u00edt\u00f3k is ennek az egyedi strat\u00e9gi\u00e1nak a r\u00e9szei.<\/span><\/p>\n<p style=\"margin-bottom: 20px; border: 0px; font-size: 14px; outline: 0px; padding: 0px; vertical-align: baseline; color: #3d3d3d;\"><span style=\"border: 0px; font-style: inherit; font-weight: bold; margin: 0px; outline: 0px; padding: 0px; vertical-align: baseline;\"><span style=\"font-family: Tahoma;\">Hogyan alakult ki az egy\u00fcttm\u0171k\u00f6d\u00e9s Z\u00f3lyomi Zsolttal az \u00faj term\u00e9kk\u00f6r kapcs\u00e1n?<\/span><\/span><\/p>\n<p style=\"margin-bottom: 20px; border: 0px; font-size: 14px; outline: 0px; padding: 0px; vertical-align: baseline; color: #3d3d3d;\"><span style=\"font-family: Tahoma;\">Az els\u0151 szem\u00e9lyes tal\u00e1lkoz\u00e1sunk alkalm\u00e1val mes\u00e9ltem Zsoltnak, hogy a v\u00e1llalkoz\u00e1sunkat az\u00e9rt hoztuk l\u00e9tre, hogy \u00e9rt\u00e9ket \u00e9s sz\u00e9ps\u00e9get k\u00e9pviselj\u00fcnk. Zsolt v\u00e1lasza nagyon fontoss\u00e1 v\u00e1lt sz\u00e1momra, szinte mondhatom, meg\u00e9rintette a lelkemet.\u00a0 \u201eMegtal\u00e1lt\u00e1tok a legszebbet\u201d \u2013 mondta. El\u0151tte sem voltak k\u00e9ts\u00e9geink, de ebben a pillanatban tudtam a legjobb kezekbe helyezz\u00fck a term\u00e9k\u00fcnket, legyen sz\u00f3 szakmai elhivatotts\u00e1gr\u00f3l vagy emberi hozz\u00e1\u00e1ll\u00e1sr\u00f3l. \u00cdgy indult az egy\u00fcttm\u0171k\u00f6d\u00e9s\u00fcnk, amit gyors meg\u00e1llapod\u00e1s k\u00f6vetett, \u00e9s a mai napig hatalmas megtiszteltet\u00e9snek \u00e9rezz\u00fck, hogy a partnerei lehet\u00fcnk.<\/span><\/p>\n<p style=\"margin-bottom: 20px; border: 0px; font-size: 14px; outline: 0px; padding: 0px; vertical-align: baseline; color: #3d3d3d;\"><span style=\"border: 0px; font-style: inherit; font-weight: bold; margin: 0px; outline: 0px; padding: 0px; vertical-align: baseline;\"><span style=\"font-family: Tahoma;\">Vannak-e esetleg tov\u00e1bbi b\u0151v\u00edt\u00e9si terveik, ak\u00e1r a m\u00e1rkak\u00edn\u00e1latot, ak\u00e1r az \u00e9rt\u00e9kes\u00edt\u0151 partnereket tekintve?<\/span><\/span><\/p>\n<p style=\"margin-bottom: 20px; border: 0px; font-size: 14px; outline: 0px; padding: 0px; vertical-align: baseline; color: #3d3d3d;\"><span style=\"font-family: Tahoma;\">N\u00e9gy m\u00e1rka k\u00fcl\u00f6n-k\u00fcl\u00f6n \u00e9s egy\u00fcttesen is sz\u00e1mos lehet\u0151s\u00e9get tartogat m\u00e9g a mi sz\u00e1munkra is, ez\u00e9rt folyamatosan \u00e9p\u00edtj\u00fck az \u00e9rt\u00e9kes\u00edt\u00e9si h\u00e1l\u00f3zatunkat is. A sz\u00e1llodai kozmetikumainkkal n\u00edv\u00f3s boutique hotelek ir\u00e1ny\u00e1ba terjeszked\u00fcnk, hamarosan pedig egy \u00fajabb \u0151rs\u00e9gi gy\u00f6ngyszem is a referenci\u00e1inkat er\u0151s\u00edti majd. Gourmet k\u00fcl\u00f6nlegess\u00e9geinkkel egyedi m\u00e1rkat\u00e1rs\u00edt\u00e1sokat alak\u00edtunk ki. A k\u00f6zelj\u00f6v\u0151ben kommunik\u00e1ljuk egy rangos bor\u00e1szattal val\u00f3 egy\u00fcttm\u0171k\u00f6d\u00e9s\u00fcnket is, ahol a palett\u00e1nk sz\u00e1mos tagja is szerepet kap, a Busatti lak\u00e1stext\u00edli\u00e1inak n\u00e9pszer\u0171s\u00edt\u00e9s\u00e9re pedig interior designerekkel alak\u00edtunk ki szorosabb egy\u00fcttm\u0171k\u00f6d\u00e9seket, ahol\u00a0<span style=\"border: 0px; font-style: inherit; font-weight: inherit; margin: 0px; outline: 0px; padding: 0px; vertical-align: baseline; text-decoration-line: line-through;\">i<\/span>sm\u00e9telten \u00f6sszekapcsol\u00f3dunk majd Zsolttal, aki a legszebb terekhez a legkifinomultabb illatokat t\u00e1rs\u00edtja majd.<\/span><\/p>\n<p style=\"margin-bottom: 20px; border: 0px; font-size: 14px; outline: 0px; padding: 0px; vertical-align: baseline; color: #3d3d3d;\"><span style=\"font-family: Tahoma;\">Toszk\u00e1na v\u00e9gtelen sz\u00e9ps\u00e9geket rejt a dombjai \u00e9s v\u00f6lgyei k\u00f6z\u00f6tt, \u00edgy tervez\u00fcnk \u00faj m\u00e1rk\u00e1kkal is, de val\u00f3s piaci ig\u00e9nyek ment\u00e9n, \u00e9s a min\u0151s\u00e9gi szolg\u00e1ltat\u00e1s megtart\u00e1sa mellett. Utaz\u00e1saink sor\u00e1n tov\u00e1bbra is nyitott szemmel j\u00e1runk, hogy Toszk\u00e1na kultur\u00e1lis \u00e9s term\u00e9szeti sz\u00e9ps\u00e9geinek esszenci\u00e1j\u00e1t elhozhassuk a magyar v\u00e1s\u00e1rl\u00f3k\u00f6z\u00f6ns\u00e9gnek.<\/span><\/p>\n<\/div>\n<div>\u00a0<\/div>\n\n\n<p><\/p>\n","protected":false},"excerpt":{"rendered":"<p>Illatok, amelyek t\u00f6rt\u00e9neteket mes\u00e9lnek \u2013 Busatti x Le Parfum A Toscaneria misszi\u00f3ja, hogy Toszk\u00e1na legszebb m\u00e1rk\u00e1it hozza el Magyarorsz\u00e1gra \u2013 olyan k\u00e9zm\u0171ves k\u00fcl\u00f6nlegess\u00e9geket, amelyek m\u00f6g\u00f6tt val\u00f3di t\u00f6rt\u00e9netek \u00e1llnak. Hatalmas megtiszteltet\u00e9s sz\u00e1munkra, hogy Magyarorsz\u00e1g legismertebb parf\u00fcm\u0151rje, Z\u00f3lyomi Zsolt a Le Parfum v\u00e1laszt\u00e9k\u00e1ba emelte a Busatti illatainkat. Az al\u00e1bbiakban olvashat\u00f3 a teljes interj\u00fa, amely a M\u00e1rkamonitor oldal\u00e1n [&hellip;]<\/p>\n","protected":false},"author":1,"featured_media":9881,"comment_status":"closed","ping_status":"closed","sticky":false,"template":"","format":"standard","meta":{"footnotes":""},"categories":[1],"tags":[],"class_list":["post-9877","post","type-post","status-publish","format-standard","has-post-thumbnail","hentry","category-magazin"],"_links":{"self":[{"href":"https:\/\/toscaneria.hu\/en\/wp-json\/wp\/v2\/posts\/9877","targetHints":{"allow":["GET"]}}],"collection":[{"href":"https:\/\/toscaneria.hu\/en\/wp-json\/wp\/v2\/posts"}],"about":[{"href":"https:\/\/toscaneria.hu\/en\/wp-json\/wp\/v2\/types\/post"}],"author":[{"embeddable":true,"href":"https:\/\/toscaneria.hu\/en\/wp-json\/wp\/v2\/users\/1"}],"replies":[{"embeddable":true,"href":"https:\/\/toscaneria.hu\/en\/wp-json\/wp\/v2\/comments?post=9877"}],"version-history":[{"count":8,"href":"https:\/\/toscaneria.hu\/en\/wp-json\/wp\/v2\/posts\/9877\/revisions"}],"predecessor-version":[{"id":20537,"href":"https:\/\/toscaneria.hu\/en\/wp-json\/wp\/v2\/posts\/9877\/revisions\/20537"}],"wp:featuredmedia":[{"embeddable":true,"href":"https:\/\/toscaneria.hu\/en\/wp-json\/wp\/v2\/media\/9881"}],"wp:attachment":[{"href":"https:\/\/toscaneria.hu\/en\/wp-json\/wp\/v2\/media?parent=9877"}],"wp:term":[{"taxonomy":"category","embeddable":true,"href":"https:\/\/toscaneria.hu\/en\/wp-json\/wp\/v2\/categories?post=9877"},{"taxonomy":"post_tag","embeddable":true,"href":"https:\/\/toscaneria.hu\/en\/wp-json\/wp\/v2\/tags?post=9877"}],"curies":[{"name":"wp","href":"https:\/\/api.w.org\/{rel}","templated":true}]}}