{"id":9890,"date":"2022-02-10T04:26:12","date_gmt":"2022-02-10T04:26:12","guid":{"rendered":"https:\/\/toscaneria.honlapkeszites.cc\/2022\/02\/10\/italia-ahova-az-almok-vezetnek-es-ahol-az-almok-szuletnek\/"},"modified":"2026-03-22T11:51:54","modified_gmt":"2026-03-22T11:51:54","slug":"italia-ahova-az-almok-vezetnek-es-ahol-az-almok-szuletnek","status":"publish","type":"post","link":"https:\/\/toscaneria.hu\/en\/italia-ahova-az-almok-vezetnek-es-ahol-az-almok-szuletnek\/","title":{"rendered":"It\u00e1lia- ahov\u00e1 az \u00e1lmok vezetnek \u00e9s ahol az \u00e1lmok sz\u00fcletnek"},"content":{"rendered":"<h5><strong data-start=\"225\" data-end=\"264\">Vend\u00e9gcikk\u00fcnk az Olaszmamma oldal\u00e1n<\/strong><\/h5>\n<p style=\"text-align: justify;\"><span style=\"color: #737579; font-size: 14px;\">A \u201eNaps\u00fct\u00f6tte Toszk\u00e1na\u201d c\u00edm\u0171 film, \u00e9s az alapj\u00e1ul szolg\u00e1l\u00f3 Frances Mayes azonos c\u00edm\u0171 reg\u00e9nye hat\u00e1s\u00e1ra sokakban megfogalmaz\u00f3dott a v\u00e1gy egy toszk\u00e1n \u00e9let ut\u00e1n. Tal\u00e1n nem csak a filmben csod\u00e1san fel\u00faj\u00edtott villa, hanem az olaszok irigyl\u00e9sre m\u00e9lt\u00f3 \u00e9letszeml\u00e9lete tette sokak sz\u00e1m\u00e1ra ennyire vonz\u00f3v\u00e1 ezt a leny\u0171g\u00f6z\u0151 olasz r\u00e9gi\u00f3t. Toszk\u00e1na ciprusokkal szeg\u00e9lyezett kanyarg\u00f3s utc\u00e1i, idilli falvai, a vil\u00e1g\u00f6r\u00f6ks\u00e9g r\u00e9szeit k\u00e9pez\u0151 v\u00e1rosai, kultur\u00e1lis kincsei \u00e9s a term\u00e9szettel harm\u00f3ni\u00e1ban \u00e9l\u0151 lak\u00f3i nem k\u00f6lt\u0151i t\u00falz\u00e1sok, \u00e9s nem is az \u00edr\u00f3i k\u00e9pzelet t\u00falsz\u00e1rnyal\u00e1sai. A mi t\u00f6rt\u00e9net\u00fcnket azonban egy m\u00e1sik film ihlette, \u00edgy bizton \u00e1ll\u00edthatjuk, hogy egy budapesti m\u0171v\u00e9szmozi term\u00e9ben is sz\u00fclethetnek olasz \u00e1lmok, melyek egy \u00e9leten \u00e1t elk\u00eds\u00e9rnek.<\/span><\/p>\n<p style=\"text-align: justify;\"><span style=\"color: #737579; font-size: 14px;\">1999-ben, az ezredfordul\u00f3 el\u0151tti h\u00f3napokban j\u00e1runk, \u201eLatin v\u00e9r\u201d mozijeggyel a kez\u00fcnkben. Amikor le\u00fclt\u00fcnk a Bem mozi term\u00e9ben nem is sejtett\u00fck, hogy Leonardo Pieraccioni megrendezi a mi \u00e9let\u00fcnket is \u00e9s onnant\u00f3l kezdve \u201elatin v\u00e9r\u201d fog cs\u00f6rgedezni az ereinkben. Ez a film hozta el sz\u00e1munkra az igaz szerelmet, amit nem is aznap, hanem csak h\u00f3napokkal k\u00e9s\u0151bb fedezt\u00fcnk fel. A film az els\u0151 besz\u00e9lget\u00e9seink k\u00f6z\u00f6s t\u00e9m\u00e1ja \u00e9s az els\u0151 k\u00f6z\u00f6s \u00e1lmunk alapja lett. Az els\u0151 olaszorsz\u00e1gi utunk sor\u00e1n bej\u00e1rtuk a \u201eLatin v\u00e9r\u201d forgat\u00e1si helysz\u00edneit, sz\u00f3 szerint be\u00fclt\u00fcnk a kedvenc film\u00fcnk b\u00e1rj\u00e1ba. Soha nem volt olyan finom m\u00e9g a k\u00e1v\u00e9nk, mint azon az \u00e9des ny\u00e1ri napon Stia f\u0151ter\u00e9n.<\/span><\/p>\n<div style=\"text-align: justify;\"><span style=\"color: #737579; font-size: 14px;\">Innent\u0151l kezdve nem m\u00falhatott el \u00e9v, hogy ne t\u00e9rj\u00fcnk vissza, visszavonhatatlanul beleszerett\u00fcnk Toszk\u00e1n\u00e1ba, ahol v\u00e9g\u00fcl t\u00edz \u00e9vvel k\u00e9s\u0151bb kimondtuk a boldog\u00edt\u00f3 igent is. \u00cdt\u00e1lia ir\u00e1nti im\u00e1datunkat az \u00e9vek sor\u00e1n m\u0171v\u00e9szi szintre emelt\u00fck. Hossz\u00fat\u00e1vfut\u00f3k\u00e9nt R\u00f3ma,\u00a0Firenze,\u00a0Velence, Verona,\u00a0Pisa<\/span><span style=\"color: #737579; font-size: 14px;\">\u00a0\u00e9s m\u00e9g sz\u00e1mos gy\u00f6ny\u00f6r\u0171 olasz v\u00e1ros maratoni versenyeit is teljes\u00edtett\u00fck, kezdetben egyed\u00fcl, p\u00e1r \u00e9ve m\u00e1r a rajtvonaln\u00e1l is egy\u00fctt. \u00dagy gondoltuk ezt m\u00e1r nem nagyon lehet tov\u00e1bb fokozni, amikor 2018 december\u00e9ben a pisai maraton fut\u00e1sa k\u00f6zben megsz\u00fcletett az olasz v\u00e1llalkoz\u00e1sunk<\/span><span style=\"color: #737579; font-size: 14px;\">, a Toscaneria gondolata. P\u00e1r h\u00e9ttel k\u00e9s\u0151bb m\u00e1r az els\u0151 c\u00e9ges leveleinket fogalmaztuk, az \u00e1ltalunk ismert \u00e9s elismert m\u00e1rk\u00e1knak c\u00edmezve. Nem tudtuk \u00e9rkezik-e valaha v\u00e1lasz vagy csup\u00e1n a spam mapp\u00e1ik gy\u0171jtem\u00e9ny\u00e9t gazdag\u00edtj\u00e1k leveleink. Izgalmas hetek \u00e1llnak el\u0151tt\u00fcnk \u2013 gondoltuk, amikor m\u00e1snap, majd a r\u00e1k\u00f6vetkez\u0151 nap minden v\u00e1lasz meg\u00e9rkezett. Szinte a v\u00e9gtelens\u00e9gig sorolhatn\u00e1nk Olaszorsz\u00e1g term\u00e9szeti \u00e9s kultur\u00e1lis csod\u00e1it, azonban sz\u00e1munkra a legnagyobb csoda ezekkel a v\u00e1laszokkal kezd\u0151d\u00f6tt. Megd\u00f6bbent\u00fcnk, hogy a vil\u00e1gh\u00edr\u0171 v\u00e1llalatok tulajdonosai \u00e9s kiemelt vezet\u0151i k\u00fcldt\u00e9k a v\u00e1laszokat. \u00c1lmaink tal\u00e1n eml\u00e9keztett\u00e9k \u0151ket a saj\u00e1t kezd\u0151 l\u00e9p\u00e9seikre, de a soraikb\u00f3l \u00e1rad\u00f3 embers\u00e9g, mediterr\u00e1n \u00e9let\u00f6r\u00f6m \u00e9s bizalom, ami a szem\u00fcnkben Olaszorsz\u00e1got m\u00e9g nagyobb\u00e1 tette.<\/span><\/div>\n<div style=\"text-align: justify;\"><span style=\"color: #737579; font-size: 14px;\">\u00a0<\/span><\/div>\n<div style=\"text-align: justify;\">A teljes cikk az <a href=\"https:\/\/www.olaszmamma.com\/2020\/05\/italia-ahova-az-almok-vezetnek-es-ahol-az-almok-szuletnek\/\" target=\"_blank\" rel=\"noopener\">Olaszmamma oldal\u00e1n<\/a> olvashat\u00f3.<\/div>\n<div style=\"text-align: justify;\"><\/div>\n<p style=\"text-align: justify;\"><span style=\"text-align: start; color: #737579; font-size: 14px;\">\u00a0<\/span><\/p>\n","protected":false},"excerpt":{"rendered":"<p>Vend\u00e9gcikk\u00fcnk az Olaszmamma oldal\u00e1n A \u201eNaps\u00fct\u00f6tte Toszk\u00e1na\u201d c\u00edm\u0171 film, \u00e9s az alapj\u00e1ul szolg\u00e1l\u00f3 Frances Mayes azonos c\u00edm\u0171 reg\u00e9nye hat\u00e1s\u00e1ra sokakban megfogalmaz\u00f3dott a v\u00e1gy egy toszk\u00e1n \u00e9let ut\u00e1n. Tal\u00e1n nem csak a filmben csod\u00e1san fel\u00faj\u00edtott villa, hanem az olaszok irigyl\u00e9sre m\u00e9lt\u00f3 \u00e9letszeml\u00e9lete tette sokak sz\u00e1m\u00e1ra ennyire vonz\u00f3v\u00e1 ezt a leny\u0171g\u00f6z\u0151 olasz r\u00e9gi\u00f3t. Toszk\u00e1na ciprusokkal szeg\u00e9lyezett kanyarg\u00f3s [&hellip;]<\/p>\n","protected":false},"author":1,"featured_media":9891,"comment_status":"closed","ping_status":"closed","sticky":false,"template":"","format":"standard","meta":{"footnotes":""},"categories":[1],"tags":[],"class_list":["post-9890","post","type-post","status-publish","format-standard","has-post-thumbnail","hentry","category-magazin"],"_links":{"self":[{"href":"https:\/\/toscaneria.hu\/en\/wp-json\/wp\/v2\/posts\/9890","targetHints":{"allow":["GET"]}}],"collection":[{"href":"https:\/\/toscaneria.hu\/en\/wp-json\/wp\/v2\/posts"}],"about":[{"href":"https:\/\/toscaneria.hu\/en\/wp-json\/wp\/v2\/types\/post"}],"author":[{"embeddable":true,"href":"https:\/\/toscaneria.hu\/en\/wp-json\/wp\/v2\/users\/1"}],"replies":[{"embeddable":true,"href":"https:\/\/toscaneria.hu\/en\/wp-json\/wp\/v2\/comments?post=9890"}],"version-history":[{"count":6,"href":"https:\/\/toscaneria.hu\/en\/wp-json\/wp\/v2\/posts\/9890\/revisions"}],"predecessor-version":[{"id":20547,"href":"https:\/\/toscaneria.hu\/en\/wp-json\/wp\/v2\/posts\/9890\/revisions\/20547"}],"wp:featuredmedia":[{"embeddable":true,"href":"https:\/\/toscaneria.hu\/en\/wp-json\/wp\/v2\/media\/9891"}],"wp:attachment":[{"href":"https:\/\/toscaneria.hu\/en\/wp-json\/wp\/v2\/media?parent=9890"}],"wp:term":[{"taxonomy":"category","embeddable":true,"href":"https:\/\/toscaneria.hu\/en\/wp-json\/wp\/v2\/categories?post=9890"},{"taxonomy":"post_tag","embeddable":true,"href":"https:\/\/toscaneria.hu\/en\/wp-json\/wp\/v2\/tags?post=9890"}],"curies":[{"name":"wp","href":"https:\/\/api.w.org\/{rel}","templated":true}]}}