{"id":9897,"date":"2022-02-10T04:22:12","date_gmt":"2022-02-10T04:22:12","guid":{"rendered":"https:\/\/toscaneria.honlapkeszites.cc\/2022\/02\/10\/fattoria-lolmetto-pisa\/"},"modified":"2026-03-22T13:31:22","modified_gmt":"2026-03-22T13:31:22","slug":"fattoria-lolmetto-pisa","status":"publish","type":"post","link":"https:\/\/toscaneria.hu\/en\/fattoria-lolmetto-pisa\/","title":{"rendered":"Fattoria L&#8217;Olmetto, Pisa"},"content":{"rendered":"<p class=\"\" data-start=\"510\" data-end=\"921\">San Giuliano Terme, a gy\u00f3gyf\u00fcrd\u0151ir\u0151l h\u00edres v\u00e1roska Pisa k\u00f6zel\u00e9ben egy k\u00fcl\u00f6nleges helyet rejt: a Fattoria L\u2019Olmetto elb\u0171v\u00f6l\u0151 sz\u00e1ll\u00e1shely\u00e9t. Mi 2018 december\u00e9ben, a &#8220;Maratona di Pisa&#8221; fut\u00e1sa sor\u00e1n ismert\u00fck meg ezt a csod\u00e1s helyet, amely egyszerre k\u00edn\u00e1lta Pisa t\u00f6rt\u00e9nelmi v\u00e1rosk\u00f6zpontj\u00e1nak k\u00f6zels\u00e9g\u00e9t \u00e9s a toszk\u00e1n vid\u00e9k nyugalm\u00e1t \u2013 hiszen mind\u00f6ssze p\u00e1r km-re tal\u00e1lhat\u00f3 a pisai d\u00f3m t\u00e9rt\u0151l.<\/p>\n<p class=\"\" data-start=\"923\" data-end=\"1226\">A sz\u00e1ll\u00e1shelyhez tartoz\u00f3 \u00e9tterem a helyi konyha egyik kiv\u00e1l\u00f3s\u00e1ga: \u00edzletes toszk\u00e1n fog\u00e1sok, friss alapanyagok, hagyom\u00e1ny \u00e9s kreativit\u00e1s tal\u00e1lkoz\u00e1sa jellemzi.<\/p>\n<p class=\"\" data-start=\"923\" data-end=\"1226\">Est\u00e9nk\u00e9nt, amikor a hatalmas kertet szobrok \u00e9s sz\u00ednes k\u00fclt\u00e9ri l\u00e1mp\u00e1k f\u00e9nyj\u00e1t\u00e9ka t\u00f6lti meg, az ember \u00fagy \u00e9rzi, egy kort\u00e1rs toszk\u00e1n \u00e1lomban id\u0151zik.<\/p>\n<p class=\"\" data-start=\"1228\" data-end=\"1695\">\u00c9s sz\u00e1munkra ez a hely m\u00e9g k\u00fcl\u00f6nlegesebb jelent\u00e9ssel b\u00edr: itt tal\u00e1lkoztunk el\u0151sz\u00f6r az <a href=\"https:\/\/toscaneria.hu\/idea-toscana\/\" target=\"_blank\" rel=\"noopener\">Idea Toscana<\/a> m\u00e1rk\u00e1val. A recepci\u00f3n finom illatokkal fogadtak \u2013 term\u00e9szetes ol\u00edvaszappanok \u00e9s eleg\u00e1ns illatos\u00edt\u00f3k, amelyek belengt\u00e9k a teret, \u00e9s ez a var\u00e1zslatos illat v\u00e1rt benn\u00fcnket a szob\u00e1ban is. Az Idea Toscana kozmetikumokkal val\u00f3 els\u0151 tal\u00e1lkoz\u00e1s \u00e9lm\u00e9nye annyira er\u0151s volt, hogy eld\u00f6nt\u00f6tt\u00fck: ezt az illatot, ezt az \u00e9rz\u00e9st szeretn\u00e9nk hazavinni. \u00cdgy kezd\u0151d\u00f6tt a <a href=\"https:\/\/toscaneria.hu\/tortenetunk\/\" target=\"_blank\" rel=\"noopener\">Toscaneria t\u00f6rt\u00e9nete<\/a>.<\/p>\n<h5 data-start=\"1697\" data-end=\"1735\">Pisa \u2013 t\u00f6bb, mint egy ferde torony<\/h5>\n<p class=\"\" data-start=\"1737\" data-end=\"2151\">A legt\u00f6bben a h\u00edres ferde torony miatt l\u00e1togatnak Pis\u00e1ba, pedig a v\u00e1ros sokkal t\u00f6bbet k\u00edn\u00e1l. A ferde torony csup\u00e1n egy r\u00e9sze a Campo dei Miracolinak \u2013 azaz a Csod\u00e1k mezej\u00e9nek \u2013, amely mag\u00e1ban foglalja a sz\u00e9kesegyh\u00e1zat, a keresztel\u0151k\u00e1poln\u00e1t \u00e9s a Camposanto temet\u0151t. A harangtorony m\u00e1r az \u00e9p\u00edtkez\u00e9s idej\u00e9n, 1173-ban s\u00fcllyedni kezdett a homokos talaj miatt \u2013 ez lett k\u00fcl\u00f6nleges form\u00e1j\u00e1nak oka.<\/p>\n<p class=\"\" data-start=\"2153\" data-end=\"2475\">A v\u00e1ros m\u00e1sik ikonikus tere a Piazza dei Cavalieri, melyet k\u00f6z\u00e9pkori \u00e9p\u00fcletek \u00f6lelnek k\u00f6rbe, m\u00edg a Museo Nazionale di San Matteo toszk\u00e1n mesterek m\u0171veit mutatja be. A v\u00e1ros m\u00e1s r\u00e9szei a II. vil\u00e1gh\u00e1bor\u00fa bomb\u00e1z\u00e1sai ut\u00e1n nagyr\u00e9szt \u00fajj\u00e1\u00e9p\u00fcltek, \u00edgy <a href=\"https:\/\/www.turismo.pisa.it\/\" target=\"_blank\" rel=\"noopener\">Pisa<\/a> ma egyszerre \u0151rzi t\u00f6rt\u00e9nelmi gy\u00f6kereit \u00e9s \u00e9l a jelen ritmus\u00e1ban.<\/p>\n\n\n<figure class=\"wp-block-gallery has-nested-images columns-default is-cropped wp-block-gallery-1 is-layout-flex wp-block-gallery-is-layout-flex\"><\/figure>\n","protected":false},"excerpt":{"rendered":"<p>San Giuliano Terme, a gy\u00f3gyf\u00fcrd\u0151ir\u0151l h\u00edres v\u00e1roska Pisa k\u00f6zel\u00e9ben egy k\u00fcl\u00f6nleges helyet rejt: a Fattoria L\u2019Olmetto elb\u0171v\u00f6l\u0151 sz\u00e1ll\u00e1shely\u00e9t. Mi 2018 december\u00e9ben, a &#8220;Maratona di Pisa&#8221; fut\u00e1sa sor\u00e1n ismert\u00fck meg ezt a csod\u00e1s helyet, amely egyszerre k\u00edn\u00e1lta Pisa t\u00f6rt\u00e9nelmi v\u00e1rosk\u00f6zpontj\u00e1nak k\u00f6zels\u00e9g\u00e9t \u00e9s a toszk\u00e1n vid\u00e9k nyugalm\u00e1t \u2013 hiszen mind\u00f6ssze p\u00e1r km-re tal\u00e1lhat\u00f3 a pisai d\u00f3m t\u00e9rt\u0151l. [&hellip;]<\/p>\n","protected":false},"author":1,"featured_media":9904,"comment_status":"closed","ping_status":"closed","sticky":false,"template":"","format":"standard","meta":{"footnotes":""},"categories":[1],"tags":[],"class_list":["post-9897","post","type-post","status-publish","format-standard","has-post-thumbnail","hentry","category-magazin"],"_links":{"self":[{"href":"https:\/\/toscaneria.hu\/en\/wp-json\/wp\/v2\/posts\/9897","targetHints":{"allow":["GET"]}}],"collection":[{"href":"https:\/\/toscaneria.hu\/en\/wp-json\/wp\/v2\/posts"}],"about":[{"href":"https:\/\/toscaneria.hu\/en\/wp-json\/wp\/v2\/types\/post"}],"author":[{"embeddable":true,"href":"https:\/\/toscaneria.hu\/en\/wp-json\/wp\/v2\/users\/1"}],"replies":[{"embeddable":true,"href":"https:\/\/toscaneria.hu\/en\/wp-json\/wp\/v2\/comments?post=9897"}],"version-history":[{"count":6,"href":"https:\/\/toscaneria.hu\/en\/wp-json\/wp\/v2\/posts\/9897\/revisions"}],"predecessor-version":[{"id":20563,"href":"https:\/\/toscaneria.hu\/en\/wp-json\/wp\/v2\/posts\/9897\/revisions\/20563"}],"wp:featuredmedia":[{"embeddable":true,"href":"https:\/\/toscaneria.hu\/en\/wp-json\/wp\/v2\/media\/9904"}],"wp:attachment":[{"href":"https:\/\/toscaneria.hu\/en\/wp-json\/wp\/v2\/media?parent=9897"}],"wp:term":[{"taxonomy":"category","embeddable":true,"href":"https:\/\/toscaneria.hu\/en\/wp-json\/wp\/v2\/categories?post=9897"},{"taxonomy":"post_tag","embeddable":true,"href":"https:\/\/toscaneria.hu\/en\/wp-json\/wp\/v2\/tags?post=9897"}],"curies":[{"name":"wp","href":"https:\/\/api.w.org\/{rel}","templated":true}]}}