{"id":9920,"date":"2022-02-10T04:27:12","date_gmt":"2022-02-10T04:27:12","guid":{"rendered":"https:\/\/toscaneria.honlapkeszites.cc\/2022\/02\/10\/le-parfum-zolyomi-zsolt-egyuttmukodesunk-a-trade-magazinban\/"},"modified":"2026-03-22T11:50:34","modified_gmt":"2026-03-22T11:50:34","slug":"le-parfum-zolyomi-zsolt-egyuttmukodesunk-a-trade-magazinban","status":"publish","type":"post","link":"https:\/\/toscaneria.hu\/en\/le-parfum-zolyomi-zsolt-egyuttmukodesunk-a-trade-magazinban\/","title":{"rendered":"Le Parfum &#8211; Z\u00f3lyomi Zsolt &#8211; egy\u00fcttm\u0171k\u00f6d\u00e9s\u00fcnk a Trade Magazinban"},"content":{"rendered":"<p class=\"\" data-start=\"495\" data-end=\"571\"><strong data-start=\"495\" data-end=\"571\">La Molina csokol\u00e1d\u00e9k \u00e9s luxusparf\u00fcm\u00f6k \u2013 \u00e9rz\u00e9kekre hangolt m\u00e1rkap\u00e1ros\u00edt\u00e1s<\/strong><\/p>\n<p class=\"\" data-start=\"573\" data-end=\"976\">Toszk\u00e1na nemcsak t\u00f6rt\u00e9nelmi v\u00e1rosai, vil\u00e1g\u00f6r\u00f6ks\u00e9gi helysz\u00ednei vagy ciprusos dombjai miatt k\u00fcl\u00f6nleges, hanem gasztron\u00f3miai \u00e9s k\u00e9zm\u0171ves hagyom\u00e1nyai miatt is. A csokol\u00e1d\u00e9k\u00e9sz\u00edt\u00e9s ebben a r\u00e9gi\u00f3ban nem egyszer\u0171 mesters\u00e9g, hanem val\u00f3di m\u0171v\u00e9szet. Ennek kiemelked\u0151 p\u00e9ld\u00e1ja a La Molina, amelynek csokol\u00e1d\u00e9i a Quarrata v\u00e1ros\u00e1ban tal\u00e1lhat\u00f3, \u201ecsokol\u00e1d\u00e9-v\u00f6lgyk\u00e9nt\u201d emlegetett t\u00e9rs\u00e9gb\u0151l \u00e9rkeznek.<\/p>\n<p class=\"\" data-start=\"978\" data-end=\"1307\">A La Molina term\u00e9kei nemcsak term\u00e9szetes alapanyagokb\u00f3l, tart\u00f3s\u00edt\u00f3szerek \u00e9s mesters\u00e9ges arom\u00e1k n\u00e9lk\u00fcl k\u00e9sz\u00fclnek, hanem vizu\u00e1lisan is kiemelked\u0151k. A d\u00edsz\u00fcveges csokol\u00e1d\u00e9toj\u00e1s vagy a nyolcr\u00e9teg\u0171 gianduja kr\u00e9m is azt bizony\u00edtja, hogy ezek a desszertek az \u00e9rz\u00e9kek minden szintj\u00e9n \u00e9lm\u00e9nyt ny\u00fajtanak.<\/p>\n<p class=\"\" data-start=\"1309\" data-end=\"1531\">Ez a k\u00fcl\u00f6nleges m\u00e1rka Magyarorsz\u00e1gon a Toscaneria k\u00edn\u00e1lat\u00e1ban \u00e9rhet\u0151 el, \u00e9s j\u00f6v\u0151j\u00e9nek egyik kulcs\u00e1t az egyedi, \u00e9rt\u00e9kalap\u00fa m\u00e1rkakapcsolatokban l\u00e1tj\u00e1k. Ahogy P\u00e9ntek M\u00e1ria, a Toscaneria alap\u00edt\u00f3ja is megfogalmazta:<\/p>\n<blockquote data-start=\"1532\" data-end=\"1623\"><p>\u201eA k\u00f6z\u00f6s \u00e9rt\u00e9kek ment\u00e9n sz\u00fcletett egy\u00fcttm\u0171k\u00f6d\u00e9sek adj\u00e1k meg m\u00e1rk\u00e1ink igazi karakter\u00e9t.\u201d<\/p><\/blockquote>\n<p class=\"\" data-start=\"1625\" data-end=\"2113\">Ennek egyik legszebb p\u00e9ld\u00e1ja a <a href=\"https:\/\/leparfum.hu\/\" target=\"_blank\" rel=\"noopener\">Le Parfum<\/a> luxusparf\u00fcm\u00e9ri\u00e1val val\u00f3 kapcsolat, amelyet a vil\u00e1gh\u00edr\u0171 magyar parf\u00fcm\u0151r, Z\u00f3lyomi Zsolt k\u00e9pvisel. A Le Parfum \u00e1ltal forgalmazott exkluz\u00edv illatok ugyanazokat az \u00e9rt\u00e9keket k\u00e9pviselik, mint a La Molina csokol\u00e1d\u00e9k: magas min\u0151s\u00e9g, kreativit\u00e1s \u00e9s term\u00e9szetess\u00e9g.<\/p>\n<p class=\"\" data-start=\"2115\" data-end=\"2296\">Ez a nem mindennapi p\u00e1ros\u00edt\u00e1s szerepelt a <strong><a href=\"https:\/\/trademagazin.hu\/hu\/magazin\/trade-magazin-2020-5-6\/\" target=\"_blank\" rel=\"noopener\">Trade Magazin<\/a> <\/strong>2020. m\u00e1jus\u2013j\u00faniusi sz\u00e1m\u00e1ban, m\u00e9ltatva a k\u00e9t m\u00e1rka k\u00f6z\u00f6s filoz\u00f3fi\u00e1j\u00e1t \u00e9s a Toscaneria \u00e9rt\u00e9kk\u00f6zpont\u00fa szeml\u00e9let\u00e9t.<\/p>\n","protected":false},"excerpt":{"rendered":"<p>La Molina csokol\u00e1d\u00e9k \u00e9s luxusparf\u00fcm\u00f6k \u2013 \u00e9rz\u00e9kekre hangolt m\u00e1rkap\u00e1ros\u00edt\u00e1s Toszk\u00e1na nemcsak t\u00f6rt\u00e9nelmi v\u00e1rosai, vil\u00e1g\u00f6r\u00f6ks\u00e9gi helysz\u00ednei vagy ciprusos dombjai miatt k\u00fcl\u00f6nleges, hanem gasztron\u00f3miai \u00e9s k\u00e9zm\u0171ves hagyom\u00e1nyai miatt is. A csokol\u00e1d\u00e9k\u00e9sz\u00edt\u00e9s ebben a r\u00e9gi\u00f3ban nem egyszer\u0171 mesters\u00e9g, hanem val\u00f3di m\u0171v\u00e9szet. Ennek kiemelked\u0151 p\u00e9ld\u00e1ja a La Molina, amelynek csokol\u00e1d\u00e9i a Quarrata v\u00e1ros\u00e1ban tal\u00e1lhat\u00f3, \u201ecsokol\u00e1d\u00e9-v\u00f6lgyk\u00e9nt\u201d emlegetett t\u00e9rs\u00e9gb\u0151l \u00e9rkeznek. A [&hellip;]<\/p>\n","protected":false},"author":1,"featured_media":9923,"comment_status":"closed","ping_status":"closed","sticky":false,"template":"","format":"standard","meta":{"footnotes":""},"categories":[1],"tags":[],"class_list":["post-9920","post","type-post","status-publish","format-standard","has-post-thumbnail","hentry","category-magazin"],"_links":{"self":[{"href":"https:\/\/toscaneria.hu\/en\/wp-json\/wp\/v2\/posts\/9920","targetHints":{"allow":["GET"]}}],"collection":[{"href":"https:\/\/toscaneria.hu\/en\/wp-json\/wp\/v2\/posts"}],"about":[{"href":"https:\/\/toscaneria.hu\/en\/wp-json\/wp\/v2\/types\/post"}],"author":[{"embeddable":true,"href":"https:\/\/toscaneria.hu\/en\/wp-json\/wp\/v2\/users\/1"}],"replies":[{"embeddable":true,"href":"https:\/\/toscaneria.hu\/en\/wp-json\/wp\/v2\/comments?post=9920"}],"version-history":[{"count":8,"href":"https:\/\/toscaneria.hu\/en\/wp-json\/wp\/v2\/posts\/9920\/revisions"}],"predecessor-version":[{"id":20546,"href":"https:\/\/toscaneria.hu\/en\/wp-json\/wp\/v2\/posts\/9920\/revisions\/20546"}],"wp:featuredmedia":[{"embeddable":true,"href":"https:\/\/toscaneria.hu\/en\/wp-json\/wp\/v2\/media\/9923"}],"wp:attachment":[{"href":"https:\/\/toscaneria.hu\/en\/wp-json\/wp\/v2\/media?parent=9920"}],"wp:term":[{"taxonomy":"category","embeddable":true,"href":"https:\/\/toscaneria.hu\/en\/wp-json\/wp\/v2\/categories?post=9920"},{"taxonomy":"post_tag","embeddable":true,"href":"https:\/\/toscaneria.hu\/en\/wp-json\/wp\/v2\/tags?post=9920"}],"curies":[{"name":"wp","href":"https:\/\/api.w.org\/{rel}","templated":true}]}}