{"id":9953,"date":"2022-02-10T04:16:12","date_gmt":"2022-02-10T04:16:12","guid":{"rendered":"https:\/\/toscaneria.honlapkeszites.cc\/2022\/02\/10\/idea-toscana-markankrol-irt-a-chic-charm\/"},"modified":"2026-03-22T14:22:46","modified_gmt":"2026-03-22T14:22:46","slug":"idea-toscana-markankrol-irt-a-chic-charm","status":"publish","type":"post","link":"https:\/\/toscaneria.hu\/en\/idea-toscana-markankrol-irt-a-chic-charm\/","title":{"rendered":"Idea Toscana m\u00e1rk\u00e1nkr\u00f3l \u00edrt a Chic &#038; Charm"},"content":{"rendered":"<p class=\"\" data-start=\"1223\" data-end=\"1508\">A n\u00e9pszer\u0171 sz\u00e9ps\u00e9g- \u00e9s \u00e9letm\u00f3dblog szerz\u0151je tesztelte az Idea Toscana kozmetikumainkat, v\u00e9lem\u00e9nye\u00a0az al\u00e1bbiakban \u00e9s a <a href=\"https:\/\/chic-and-charm.hu\/ismerd-meg-az-idea-toscana-olivas-kozmetikumait\/\" target=\"_blank\" rel=\"noopener\">Chic &amp; Charm oldal\u00e1n<\/a> olvashat\u00f3.<\/p>\n<div class=\"flex flex-col text-sm pb-25\">\n<section class=\"text-token-text-primary w-full focus:outline-none [--shadow-height:45px] has-data-writing-block:pointer-events-none has-data-writing-block:-mt-(--shadow-height) has-data-writing-block:pt-(--shadow-height) [&amp;:has([data-writing-block])&gt;*]:pointer-events-auto scroll-mt-[calc(var(--header-height)+min(200px,max(70px,20svh)))]\" dir=\"auto\" data-turn-id=\"request-69bd5394-6024-838a-8b98-3eece2e6652a-57\" data-testid=\"conversation-turn-532\" data-scroll-anchor=\"true\" data-turn=\"assistant\">\n<div class=\"text-base my-auto mx-auto pb-10 [--thread-content-margin:var(--thread-content-margin-xs,calc(var(--spacing)*4))] @w-sm\/main:[--thread-content-margin:var(--thread-content-margin-sm,calc(var(--spacing)*6))] @w-lg\/main:[--thread-content-margin:var(--thread-content-margin-lg,calc(var(--spacing)*16))] px-(--thread-content-margin)\">\n<div class=\"[--thread-content-max-width:40rem] @w-lg\/main:[--thread-content-max-width:48rem] mx-auto max-w-(--thread-content-max-width) flex-1 group\/turn-messages focus-visible:outline-hidden relative flex w-full min-w-0 flex-col agent-turn\">\n<div class=\"flex max-w-full flex-col gap-4 grow\">\n<div class=\"min-h-8 text-message relative flex w-full flex-col items-end gap-2 text-start break-words whitespace-normal outline-none keyboard-focused:focus-ring [.text-message+&amp;]:mt-1\" dir=\"auto\" tabindex=\"0\" data-message-author-role=\"assistant\" data-message-id=\"30efe9a8-77c9-4eb6-afa8-9f47febf921a\" data-message-model-slug=\"gpt-5-3\" data-turn-start-message=\"true\">\n<div class=\"flex w-full flex-col gap-1 empty:hidden\">\n<div class=\"markdown prose dark:prose-invert w-full wrap-break-word light markdown-new-styling\">\n<h5 data-start=\"0\" data-end=\"220\">Ma m\u00e1r szinte megk\u00f6vetelj\u00fck egy kozmetikai term\u00e9kt\u0151l, hogy valamilyen form\u00e1ban emelkedjen ki a t\u00f6bbi m\u00e1rka k\u00f6z\u00fcl, legyen egyedi, high-tech, illetve tartalmazzon olyan hat\u00f3anyagot, amely bizony\u00edtottan hat\u00e9kony a b\u0151r\u00fcnkre.<\/h5>\n<h5 data-start=\"0\" data-end=\"220\"><span style=\"color: #777777; font-family: 'Playfair Display', sans-serif; font-size: 16px; font-weight: 400; letter-spacing: normal; text-align: justify; text-transform: none;\">Szerencs\u00e9re a term\u00e9szet b\u0151velkedik jobbn\u00e1l jobb, \u00e9s a sz\u00e9ps\u00e9g\u00fcnkre j\u00f3t\u00e9konyan hat\u00f3 n\u00f6v\u00e9nyekben, \u00edgy elegend\u0151 csak lehajolnunk a F\u00f6ld kincsei\u00e9rt, vagy felny\u00falnunk egy fa term\u00e9s\u00e9\u00e9rt, \u00e9s m\u00e1ris egy hat\u00f3anyagban b\u0151velked\u0151 term\u00e9kkel lett\u00fcnk gazdagabbak.\u00a0<\/span><span style=\"color: #777777; font-family: 'Playfair Display', sans-serif; font-size: 16px; font-weight: 400; letter-spacing: normal; text-align: justify; text-transform: none;\">Egy ilyen sokoldal\u00fa alapanyagnak kell, hogy legyen a szervezet\u00fcnkre gyakorolt pozit\u00edv hat\u00e1sa is, aminek k\u00f6sz\u00f6nhet\u0151en a b\u0151r\u00fcnk is v\u00e1ltozik, sz\u00e9p\u00fcl. Az ol\u00edvaolaj els\u0151dlegesen az em\u00e9szt\u00e9sre hat j\u00f3t\u00e9konyan, \u00e9s mint tudjuk, a b\u0151r\u00fcnk az em\u00e9szt\u0151rendszer\u00fcnk kivet\u00edtett fel\u00fclete, \u00edgy id\u0151vel a b\u0151r\u00fcnk is v\u00e1ltozni, sz\u00e9p\u00fclni fog az ol\u00edv\u00e1nak k\u00f6sz\u00f6nhet\u0151en.<\/span><\/h5>\n<\/div>\n<\/div>\n<\/div>\n<\/div>\n<\/div>\n<\/div>\n<\/section>\n<\/div>\n<p style=\"box-sizing: inherit; margin-top: 0px; margin-bottom: 30px; color: #777777; font-family: 'Playfair Display', sans-serif; font-size: 16px; font-style: normal; font-variant-ligatures: normal; font-variant-caps: normal; font-weight: 400; letter-spacing: normal; orphans: 2; text-indent: 0px; text-transform: none; widows: 2; word-spacing: 0px; -webkit-text-stroke-width: 0px; white-space: normal; background-color: #ffffff; text-decoration-thickness: initial; text-decoration-style: initial; text-decoration-color: initial; text-align: justify;\">Mivel az ol\u00edva vitaminokban (E-,A-, K-vitamin), \u00e1sv\u00e1nyi anyagokban (vas, kalcium, magn\u00e9zium, k\u00e1lium \u00e9s aminosavak) b\u0151velkedik, s\u0151t, proteint is tartalmaz, \u00edgy a b\u0151r\u00fcnk, a k\u00f6rmeink \u00e9s a hajunk is megh\u00e1l\u00e1lja a rendszeres fogyaszt\u00e1s\u00e1t. Az ol\u00edva olaj sokoldal\u00faan felhaszn\u00e1lhat\u00f3 a kozmetikai iparban, kiv\u00e1l\u00f3 hidrat\u00e1l\u00f3 anyag, \u00edgy a k\u00fcl\u00f6n\u00f6sen sz\u00e1raz b\u0151r egyik kedvenc alapanyaga. Mivel regener\u00e1lja a b\u0151rsz\u00f6vetet, ez\u00e9rt rendszeres haszn\u00e1lat mellett a b\u0151r visszanyeri rugalmass\u00e1g\u00e1t \u00e9s simas\u00e1g\u00e1t, mindek\u00f6zben feszes\u00edti azt. K\u00e9miai fel\u00e9p\u00edt\u00e9s\u00e9ben minden m\u00e1s term\u00e9szetes olajn\u00e1l k\u00f6zelebb \u00e1ll a b\u0151r \u00e1ltal kiv\u00e1lasztott term\u00e9szetes faggy\u00fahoz, ez\u00e9rt k\u00f6nnyen felsz\u00edv\u00f3dik \u00e9s hasznosul. Gazdagon tartalmaz antioxid\u00e1nsokat, melyek seg\u00edtenek a szabadgy\u00f6k\u00f6k illetve az UV-sug\u00e1rz\u00e1s \u00e1ltal okozott k\u00e1rok csillap\u00edt\u00e1s\u00e1ban.\u00a0 Nagy \u00f6r\u00f6m volt sz\u00e1momra, hogy\u00a0<strong style=\"box-sizing: inherit; font-weight: bold;\">az Idea Toscana term\u00e9kcsal\u00e1d<\/strong>\u00a0megismer\u00e9s\u00e9vel egy olyan kozmetikai m\u00e1rk\u00e1ra bukkantam, amely az ol\u00edva j\u00f3t\u00e9kony hat\u00e1saira \u00e9p\u00edt, s\u0151t, bio min\u0151s\u00edt\u00e9s\u00e9nek k\u00f6sz\u00f6nhet\u0151en igen magas szintre helyezte a term\u00e9keket. <span style=\"text-align: justify;\">Az\u00a0<\/span><strong style=\"box-sizing: inherit; font-weight: bold; text-align: justify;\">Idea Toscana bio arc\u00e1pol\u00f3 kozmetikumok<\/strong><span style=\"text-align: justify;\">\u00a0csak term\u00e9szetes alapanyagokb\u00f3l k\u00e9sz\u00fclnek, \u00e9s a nyers term\u00e9szetes \u00f6sszetev\u0151k 95%-\u00e1t \u00f6kol\u00f3giai min\u0151s\u00edt\u00e9snek vetik al\u00e1.\u00a0Genetikailag m\u00f3dos\u00edtott (GMO) \u00f6sszetev\u0151ket nem haszn\u00e1lnak.\u00a0<\/span><strong style=\"box-sizing: inherit; font-weight: bold; text-align: justify;\">Igen szigor\u00fa gy\u00e1rt\u00e1si \u00e9s min\u0151s\u00e9gi szab\u00e1lyzatnak felelnek meg,<\/strong><span style=\"text-align: justify;\"> ennek megfelel\u0151en a BIO ol\u00edvaolajat eredeti csomagol\u00e1sb\u00f3l a kozmetikumok k\u00e9sz\u00edt\u00e9s\u00e9nek utols\u00f3 f\u00e1zis\u00e1ban, a t\u00f6bbi alapanyag leh\u0171t\u00e9se ut\u00e1n adagolj\u00e1k a kozmetikumokhoz, \u00edgy biztos\u00edtva az ol\u00edvaolaj \u00e9rt\u00e9kes \u00f6sszetev\u0151inek\u00a0meg\u0151rz\u00e9s\u00e9t.\u00a0<\/span><\/p>\n<p style=\"box-sizing: inherit; margin-top: 0px; margin-bottom: 30px; color: #777777; font-family: 'Playfair Display', sans-serif; font-size: 16px; font-style: normal; font-variant-ligatures: normal; font-variant-caps: normal; font-weight: 400; letter-spacing: normal; orphans: 2; text-indent: 0px; text-transform: none; widows: 2; word-spacing: 0px; -webkit-text-stroke-width: 0px; white-space: normal; background-color: #ffffff; text-decoration-thickness: initial; text-decoration-style: initial; text-decoration-color: initial; text-align: justify;\"><span style=\"color: #777777; font-family: 'Playfair Display', sans-serif; font-size: 16px; font-style: normal; font-variant-ligatures: normal; font-variant-caps: normal; font-weight: 400; letter-spacing: normal; orphans: 2; text-align: justify; text-indent: 0px; text-transform: none; widows: 2; word-spacing: 0px; -webkit-text-stroke-width: 0px; white-space: normal; background-color: #ffffff; text-decoration-thickness: initial; text-decoration-style: initial; text-decoration-color: initial; display: inline !important; float: none;\">Az Idea Toscana term\u00e9kek nem csak kiv\u00e1l\u00f3 kozmetikumok, de kellemes text\u00far\u00e1juk, intenz\u00edv, azonban m\u00e9gis nagyon mag\u00e1val ragad\u00f3 illatuk nem csak engem, de a csal\u00e1d f\u00e9rfi tagjait is elb\u0171v\u00f6lt\u00e9k. Ak\u00e1r a k\u00e9z\u00e1pol\u00f3 term\u00e9kr\u0151l, body lotionr\u0151l vagy tusol\u00f3 term\u00e9kr\u0151l legyen sz\u00f3, a csal\u00e1d b\u00e1rmely tagja sz\u00e1m\u00e1ra egy kit\u0171n\u0151 v\u00e1laszt\u00e1s, hiszen nem tartalmaznak SLES-t (sodium laureth sulfate), SLS-t (sodium lauryl sulfate), parab\u00e9nt, szilikont, \u00e1sv\u00e1nyi olajat, isothiazolinone \u00f6sszetev\u0151ket, valamint mesters\u00e9ges sz\u00ednez\u0151anyagokat \u00e9s szintetikus illatanyagokat sem. <\/span><\/p>\n<p style=\"box-sizing: inherit; margin-top: 0px; margin-bottom: 30px; color: #777777; font-family: 'Playfair Display', sans-serif; font-size: 16px; font-style: normal; font-variant-ligatures: normal; font-variant-caps: normal; font-weight: 400; letter-spacing: normal; orphans: 2; text-indent: 0px; text-transform: none; widows: 2; word-spacing: 0px; -webkit-text-stroke-width: 0px; white-space: normal; background-color: #ffffff; text-decoration-thickness: initial; text-decoration-style: initial; text-decoration-color: initial; text-align: justify;\"><span style=\"text-align: justify;\">\u00d6sszess\u00e9g\u00e9ben a legjobbat adhatjuk a b\u0151r\u00fcnknek, nappali \u00e9s \u00e9jszakai kr\u00e9mjei \u2013 gazdag \u00e9s k\u00f6nnyen felsz\u00edv\u00f3d\u00f3 text\u00far\u00e1juknak k\u00f6sz\u00f6nhet\u0151en \u2013 a h\u00f6lgyek egyik kedvenc arc\u00e1pol\u00f3 term\u00e9ke lehet. A nappali \u00e9s az \u00e9jszakai kr\u00e9m k\u00fcl\u00f6n \u00e9rdekess\u00e9ge, hogy kis pap\u00edr tasakokban \u00e9rkezik, amelyek egy-egy alkalomra elegend\u0151ek. Ezzel a megold\u00e1ssal el\u00e9rhetj\u00fck azt, hogy utaz\u00e1sunk sor\u00e1n ne kelljen az eg\u00e9sz t\u00e9gelyt magunkkal cipeln\u00fcnk, illetve az adagonk\u00e9nti csomagol\u00e1s nagyobb biztons\u00e1got jelent a bakteri\u00e1lis szennyez\u0151d\u00e9sek ellen.<\/span><\/p>\n<p style=\"box-sizing: inherit; margin-top: 0px; margin-bottom: 30px; color: #777777; font-family: 'Playfair Display', sans-serif; font-size: 16px; font-style: normal; font-variant-ligatures: normal; font-variant-caps: normal; font-weight: 400; letter-spacing: normal; orphans: 2; text-align: start; text-indent: 0px; text-transform: none; widows: 2; word-spacing: 0px; -webkit-text-stroke-width: 0px; white-space: normal; background-color: #ffffff; text-decoration-thickness: initial; text-decoration-style: initial; text-decoration-color: initial;\">\u00a0<\/p>\n<p style=\"box-sizing: inherit; margin-top: 0px; margin-bottom: 30px; color: #777777; font-family: 'Playfair Display', sans-serif; font-size: 16px; font-style: normal; font-variant-ligatures: normal; font-variant-caps: normal; font-weight: 400; letter-spacing: normal; orphans: 2; text-indent: 0px; text-transform: none; widows: 2; word-spacing: 0px; -webkit-text-stroke-width: 0px; white-space: normal; background-color: #ffffff; text-decoration-thickness: initial; text-decoration-style: initial; text-decoration-color: initial; text-align: justify;\">\u00a0<\/p>\n\n\n<p><\/p>\n","protected":false},"excerpt":{"rendered":"<p>A n\u00e9pszer\u0171 sz\u00e9ps\u00e9g- \u00e9s \u00e9letm\u00f3dblog szerz\u0151je tesztelte az Idea Toscana kozmetikumainkat, v\u00e9lem\u00e9nye\u00a0az al\u00e1bbiakban \u00e9s a Chic &amp; Charm oldal\u00e1n olvashat\u00f3. Ma m\u00e1r szinte megk\u00f6vetelj\u00fck egy kozmetikai term\u00e9kt\u0151l, hogy valamilyen form\u00e1ban emelkedjen ki a t\u00f6bbi m\u00e1rka k\u00f6z\u00fcl, legyen egyedi, high-tech, illetve tartalmazzon olyan hat\u00f3anyagot, amely bizony\u00edtottan hat\u00e9kony a b\u0151r\u00fcnkre. Szerencs\u00e9re a term\u00e9szet b\u0151velkedik jobbn\u00e1l jobb, \u00e9s [&hellip;]<\/p>\n","protected":false},"author":1,"featured_media":9954,"comment_status":"closed","ping_status":"closed","sticky":false,"template":"","format":"standard","meta":{"footnotes":""},"categories":[1],"tags":[],"class_list":["post-9953","post","type-post","status-publish","format-standard","has-post-thumbnail","hentry","category-magazin"],"_links":{"self":[{"href":"https:\/\/toscaneria.hu\/en\/wp-json\/wp\/v2\/posts\/9953","targetHints":{"allow":["GET"]}}],"collection":[{"href":"https:\/\/toscaneria.hu\/en\/wp-json\/wp\/v2\/posts"}],"about":[{"href":"https:\/\/toscaneria.hu\/en\/wp-json\/wp\/v2\/types\/post"}],"author":[{"embeddable":true,"href":"https:\/\/toscaneria.hu\/en\/wp-json\/wp\/v2\/users\/1"}],"replies":[{"embeddable":true,"href":"https:\/\/toscaneria.hu\/en\/wp-json\/wp\/v2\/comments?post=9953"}],"version-history":[{"count":9,"href":"https:\/\/toscaneria.hu\/en\/wp-json\/wp\/v2\/posts\/9953\/revisions"}],"predecessor-version":[{"id":20582,"href":"https:\/\/toscaneria.hu\/en\/wp-json\/wp\/v2\/posts\/9953\/revisions\/20582"}],"wp:featuredmedia":[{"embeddable":true,"href":"https:\/\/toscaneria.hu\/en\/wp-json\/wp\/v2\/media\/9954"}],"wp:attachment":[{"href":"https:\/\/toscaneria.hu\/en\/wp-json\/wp\/v2\/media?parent=9953"}],"wp:term":[{"taxonomy":"category","embeddable":true,"href":"https:\/\/toscaneria.hu\/en\/wp-json\/wp\/v2\/categories?post=9953"},{"taxonomy":"post_tag","embeddable":true,"href":"https:\/\/toscaneria.hu\/en\/wp-json\/wp\/v2\/tags?post=9953"}],"curies":[{"name":"wp","href":"https:\/\/api.w.org\/{rel}","templated":true}]}}