{"id":9970,"date":"2022-02-10T04:12:12","date_gmt":"2022-02-10T04:12:12","guid":{"rendered":"https:\/\/toscaneria.honlapkeszites.cc\/2022\/02\/10\/kiemelt-partnerunk-kali-home-boutique-villa\/"},"modified":"2026-03-22T14:51:31","modified_gmt":"2026-03-22T14:51:31","slug":"kiemelt-partnerunk-kali-home-boutique-villa","status":"publish","type":"post","link":"https:\/\/toscaneria.hu\/en\/kiemelt-partnerunk-kali-home-boutique-villa\/","title":{"rendered":"Kiemelt Partner\u00fcnk: K\u00e1li Home  Boutique Villa"},"content":{"rendered":"<p class=\"\" data-start=\"558\" data-end=\"597\">A Balaton-felvid\u00e9k gasztron\u00f3miai \u00e9lm\u00e9nyekkel teli vid\u00e9k\u00e9n, a neves <a title=\"Mi a k\u0151\" href=\"https:\/\/www.mia-ko.hu\/\" target=\"_blank\" rel=\"noopener\"><strong data-start=\"666\" data-end=\"677\">Mi a k\u0151<\/strong><\/a> \u00e9tterem szomsz\u00e9ds\u00e1g\u00e1ban b\u00fajik meg a <strong data-start=\"715\" data-end=\"743\">K\u00e1li Home Boutique Villa, <\/strong>egy vil\u00e1gh\u00edr\u0171 magyar fot\u00f3m\u0171v\u00e9sz \u00e1ltal \u00e1lomszer\u0171en megalkotott vend\u00e9gh\u00e1z. A villa nemcsak k\u00fcl\u00f6nleges atmoszf\u00e9r\u00e1t, hanem val\u00f3di kikapcsol\u00f3d\u00e1st is k\u00edn\u00e1l. Egy st\u00edlusos, term\u00e9szetk\u00f6zeli mened\u00e9khely, ahol egy-egy \u00e9lm\u00e9nyd\u00fas nap ut\u00e1n a K\u00e1li-medence csendj\u00e9ben, csillagf\u00e9ny alatt a kert patin\u00e1s r\u00e9zk\u00e1dj\u00e1ban is lehet f\u00fcr\u00f6dni.<\/p>\n<p class=\"\" data-start=\"558\" data-end=\"597\">A K\u00e1li Home enteri\u0151rje a term\u00e9szetes anyagok \u00e9s a k\u00e9zm\u0171vess\u00e9g sz\u00e9ps\u00e9g\u00e9t \u00fcnnepli. \u00d6r\u00f6m sz\u00e1munkra, hogy sz\u00e9p bels\u0151 ter\u00e9be be\u00e9p\u00fcltek a <a title=\"Busatti\" href=\"https:\/\/toscaneria.hu\/busatti\/\" target=\"_blank\" rel=\"noopener\" data-start=\"1295\" data-end=\"1347\"><strong data-start=\"1296\" data-end=\"1307\">Busatti<\/strong><\/a> text\u00edli\u00e1ink, a f\u00fcrd\u0151szob\u00e1kban pedig az <a title=\"Idea Toscana\" href=\"https:\/\/toscaneria.hu\/idea-toscana\/\" target=\"_blank\" rel=\"noopener\"><strong data-start=\"1473\" data-end=\"1489\">Idea Toscana<\/strong><\/a> nat\u00farkozmetikumaink k\u00e9nyeztetik a vend\u00e9geket.<\/p>\n<blockquote data-start=\"1627\" data-end=\"1814\">\n<p><em data-start=\"1629\" data-end=\"1778\">Ehhez a manualit\u00e1s\u00e1ban gy\u00f6ny\u00f6r\u0171 enteri\u0151rh\u00f6z \u00e9s a K\u00e1li-medence, a magyar Toszk\u00e1na hangulat\u00e1hoz sz\u00e9pen illenek a toszk\u00e1nai Busatti m\u00e1rka text\u00edli\u00e1i.<\/em><br data-start=\"1778\" data-end=\"1781\" \/>(<em data-start=\"1782\" data-end=\"1799\">Veranda Magazin<\/em>)<\/p>\n<\/blockquote>\n\n\n<p><\/p>\n","protected":false},"excerpt":{"rendered":"<p>A Balaton-felvid\u00e9k gasztron\u00f3miai \u00e9lm\u00e9nyekkel teli vid\u00e9k\u00e9n, a neves Mi a k\u0151 \u00e9tterem szomsz\u00e9ds\u00e1g\u00e1ban b\u00fajik meg a K\u00e1li Home Boutique Villa, egy vil\u00e1gh\u00edr\u0171 magyar fot\u00f3m\u0171v\u00e9sz \u00e1ltal \u00e1lomszer\u0171en megalkotott vend\u00e9gh\u00e1z. A villa nemcsak k\u00fcl\u00f6nleges atmoszf\u00e9r\u00e1t, hanem val\u00f3di kikapcsol\u00f3d\u00e1st is k\u00edn\u00e1l. Egy st\u00edlusos, term\u00e9szetk\u00f6zeli mened\u00e9khely, ahol egy-egy \u00e9lm\u00e9nyd\u00fas nap ut\u00e1n a K\u00e1li-medence csendj\u00e9ben, csillagf\u00e9ny alatt a kert patin\u00e1s [&hellip;]<\/p>\n","protected":false},"author":1,"featured_media":9974,"comment_status":"closed","ping_status":"closed","sticky":false,"template":"","format":"standard","meta":{"footnotes":""},"categories":[1],"tags":[],"class_list":["post-9970","post","type-post","status-publish","format-standard","has-post-thumbnail","hentry","category-magazin"],"_links":{"self":[{"href":"https:\/\/toscaneria.hu\/en\/wp-json\/wp\/v2\/posts\/9970","targetHints":{"allow":["GET"]}}],"collection":[{"href":"https:\/\/toscaneria.hu\/en\/wp-json\/wp\/v2\/posts"}],"about":[{"href":"https:\/\/toscaneria.hu\/en\/wp-json\/wp\/v2\/types\/post"}],"author":[{"embeddable":true,"href":"https:\/\/toscaneria.hu\/en\/wp-json\/wp\/v2\/users\/1"}],"replies":[{"embeddable":true,"href":"https:\/\/toscaneria.hu\/en\/wp-json\/wp\/v2\/comments?post=9970"}],"version-history":[{"count":8,"href":"https:\/\/toscaneria.hu\/en\/wp-json\/wp\/v2\/posts\/9970\/revisions"}],"predecessor-version":[{"id":20592,"href":"https:\/\/toscaneria.hu\/en\/wp-json\/wp\/v2\/posts\/9970\/revisions\/20592"}],"wp:featuredmedia":[{"embeddable":true,"href":"https:\/\/toscaneria.hu\/en\/wp-json\/wp\/v2\/media\/9974"}],"wp:attachment":[{"href":"https:\/\/toscaneria.hu\/en\/wp-json\/wp\/v2\/media?parent=9970"}],"wp:term":[{"taxonomy":"category","embeddable":true,"href":"https:\/\/toscaneria.hu\/en\/wp-json\/wp\/v2\/categories?post=9970"},{"taxonomy":"post_tag","embeddable":true,"href":"https:\/\/toscaneria.hu\/en\/wp-json\/wp\/v2\/tags?post=9970"}],"curies":[{"name":"wp","href":"https:\/\/api.w.org\/{rel}","templated":true}]}}